{"id":3956,"date":"2016-07-21T11:35:17","date_gmt":"2016-07-21T11:35:17","guid":{"rendered":"http:\/\/eedd.gr\/?p=3956"},"modified":"2023-06-29T11:37:37","modified_gmt":"2023-06-29T11:37:37","slug":"resolution-of-hellenic-association-of-judicial-officers-for-democracy-and-liberties-in-view-of-the-violation-of-human-rights-in-turkey-and-dismissal-of-judicial-officers","status":"publish","type":"post","link":"https:\/\/eedd.gr\/en\/resolution-of-hellenic-association-of-judicial-officers-for-democracy-and-liberties-in-view-of-the-violation-of-human-rights-in-turkey-and-dismissal-of-judicial-officers\/","title":{"rendered":"Resolution of Hellenic Association of Judicial Officers for Democracy and Liberties, in view of the violation of human rights in Turkey and dismissal of judicial officers"},"content":{"rendered":"<p>The Hellenic Association of Magistrates for Democracy and Freedoms, a member of MEDEL &#8211; Magistrats Europ\u00e9ens pour la d\u00e9mocratie et les libert\u00e9s (European Judicial Officers for Democracy and Freedoms), &#8211; is participating in the global anxiety for the containment of the fundamental rights in Turkey, the aftermath of the failed coup.<br \/>\nIt is very worrying that in addition to the tens of thousands of other public officials, 2745 Turkish magistrates were immediately suspended and about two hundred of them have been arrested.<br \/>\nWe underline that the presumption of innocence and transparency are safeguards for a fair trial. The attacks on the independence of justice and intimidation of judges with cleansing operations erode the rule of law and the separation of functions and weaken democracy. We call, therefore, on the Turkish authorities to liberate and restore the magistrates who are sacked or detained in their posts, until suspicions against them are investigated and proven credible. Any procedure against them should be in line with international law and, indeed, with the principles of a fair trial of the Council of Europe.<br \/>\nWe stress that human rights cannot be abolished in the name of security. We call, therefore, the Turkish Government, in these critical times, to respect fundamental human rights, upholding the rule of law and to strengthen democratic institutions.<br \/>\nFinally, we urge the United Nations, NATO, the European Union and the national governments of the Member States, the Council of Europe and all other humanitarian organizations to assume their share of responsibility and claim to defend these principles, to support Turkish colleagues.<\/p>\n<p>Athens 21 July 2016<br \/>\nThe Board<\/p>\n","protected":false},"excerpt":{"rendered":"<p>The Hellenic Association of Magistrates for Democracy and Freedoms, a member of MEDEL &#8211; Magistrats Europ\u00e9ens pour la d\u00e9mocratie et les libert\u00e9s (European Judicial Officers for Democracy and Freedoms), &#8211; is participating in the global anxiety for the containment of the fundamental rights in Turkey, the aftermath of the failed coup. It is very worrying [&hellip;]<\/p>\n","protected":false},"author":1,"featured_media":3714,"comment_status":"closed","ping_status":"closed","sticky":false,"template":"","format":"standard","meta":{"footnotes":""},"categories":[47],"tags":[],"class_list":["post-3956","post","type-post","status-publish","format-standard","has-post-thumbnail","hentry","category-announcements"],"yoast_head":"<!-- This site is optimized with the Yoast SEO plugin v20.9 - https:\/\/yoast.com\/wordpress\/plugins\/seo\/ -->\n<title>Resolution of Hellenic Association of Judicial Officers for Democracy and Liberties, in view of the violation of human rights in Turkey and dismissal of judicial officers - \u0395\u03c4\u03b1\u03b9\u03c1\u03af\u03b1 \u0395\u03bb\u03bb\u03ae\u03bd\u03c9\u03bd \u0394\u03b9\u03ba\u03b1\u03c3\u03c4\u03b9\u03ba\u03ce\u03bd \u039b\u03b5\u03b9\u03c4\u03bf\u03c5\u03c1\u03b3\u03ce\u03bd<\/title>\n<meta name=\"robots\" content=\"index, follow, max-snippet:-1, max-image-preview:large, max-video-preview:-1\" \/>\n<link rel=\"canonical\" href=\"https:\/\/eedd.gr\/en\/resolution-of-hellenic-association-of-judicial-officers-for-democracy-and-liberties-in-view-of-the-violation-of-human-rights-in-turkey-and-dismissal-of-judicial-officers\/\" \/>\n<meta property=\"og:locale\" content=\"en_US\" \/>\n<meta property=\"og:type\" content=\"article\" \/>\n<meta property=\"og:title\" content=\"Resolution of Hellenic Association of Judicial Officers for Democracy and Liberties, in view of the violation of human rights in Turkey and dismissal of judicial officers - \u0395\u03c4\u03b1\u03b9\u03c1\u03af\u03b1 \u0395\u03bb\u03bb\u03ae\u03bd\u03c9\u03bd \u0394\u03b9\u03ba\u03b1\u03c3\u03c4\u03b9\u03ba\u03ce\u03bd \u039b\u03b5\u03b9\u03c4\u03bf\u03c5\u03c1\u03b3\u03ce\u03bd\" \/>\n<meta property=\"og:description\" content=\"The Hellenic Association of Magistrates for Democracy and Freedoms, a member of MEDEL &#8211; Magistrats Europ\u00e9ens pour la d\u00e9mocratie et les libert\u00e9s (European Judicial Officers for Democracy and Freedoms), &#8211; is participating in the global anxiety for the containment of the fundamental rights in Turkey, the aftermath of the failed coup. It is very worrying [&hellip;]\" \/>\n<meta property=\"og:url\" content=\"https:\/\/eedd.gr\/en\/resolution-of-hellenic-association-of-judicial-officers-for-democracy-and-liberties-in-view-of-the-violation-of-human-rights-in-turkey-and-dismissal-of-judicial-officers\/\" \/>\n<meta property=\"og:site_name\" content=\"\u0395\u03c4\u03b1\u03b9\u03c1\u03af\u03b1 \u0395\u03bb\u03bb\u03ae\u03bd\u03c9\u03bd \u0394\u03b9\u03ba\u03b1\u03c3\u03c4\u03b9\u03ba\u03ce\u03bd \u039b\u03b5\u03b9\u03c4\u03bf\u03c5\u03c1\u03b3\u03ce\u03bd\" \/>\n<meta property=\"article:published_time\" content=\"2016-07-21T11:35:17+00:00\" \/>\n<meta property=\"article:modified_time\" content=\"2023-06-29T11:37:37+00:00\" \/>\n<meta property=\"og:image\" content=\"https:\/\/eedd.gr\/wp-content\/uploads\/2023\/06\/66.png\" \/>\n\t<meta property=\"og:image:width\" content=\"710\" \/>\n\t<meta property=\"og:image:height\" content=\"184\" \/>\n\t<meta property=\"og:image:type\" content=\"image\/png\" \/>\n<meta name=\"author\" content=\"admin\" \/>\n<meta name=\"twitter:card\" content=\"summary_large_image\" \/>\n<meta name=\"twitter:label1\" content=\"Written by\" \/>\n\t<meta name=\"twitter:data1\" content=\"admin\" \/>\n\t<meta name=\"twitter:label2\" content=\"Est. reading time\" \/>\n\t<meta name=\"twitter:data2\" content=\"2 minutes\" \/>\n<script type=\"application\/ld+json\" class=\"yoast-schema-graph\">{\"@context\":\"https:\/\/schema.org\",\"@graph\":[{\"@type\":\"Article\",\"@id\":\"https:\/\/eedd.gr\/en\/resolution-of-hellenic-association-of-judicial-officers-for-democracy-and-liberties-in-view-of-the-violation-of-human-rights-in-turkey-and-dismissal-of-judicial-officers\/#article\",\"isPartOf\":{\"@id\":\"https:\/\/eedd.gr\/en\/resolution-of-hellenic-association-of-judicial-officers-for-democracy-and-liberties-in-view-of-the-violation-of-human-rights-in-turkey-and-dismissal-of-judicial-officers\/\"},\"author\":{\"name\":\"admin\",\"@id\":\"https:\/\/eedd.gr\/en\/#\/schema\/person\/a527c57fe552fa716cd3365f2874f77a\"},\"headline\":\"Resolution of Hellenic Association of Judicial Officers for Democracy and Liberties, in view of the violation of human rights in Turkey and dismissal of judicial officers\",\"datePublished\":\"2016-07-21T11:35:17+00:00\",\"dateModified\":\"2023-06-29T11:37:37+00:00\",\"mainEntityOfPage\":{\"@id\":\"https:\/\/eedd.gr\/en\/resolution-of-hellenic-association-of-judicial-officers-for-democracy-and-liberties-in-view-of-the-violation-of-human-rights-in-turkey-and-dismissal-of-judicial-officers\/\"},\"wordCount\":292,\"publisher\":{\"@id\":\"https:\/\/eedd.gr\/en\/#organization\"},\"articleSection\":[\"Announcements\"],\"inLanguage\":\"en-US\"},{\"@type\":\"WebPage\",\"@id\":\"https:\/\/eedd.gr\/en\/resolution-of-hellenic-association-of-judicial-officers-for-democracy-and-liberties-in-view-of-the-violation-of-human-rights-in-turkey-and-dismissal-of-judicial-officers\/\",\"url\":\"https:\/\/eedd.gr\/en\/resolution-of-hellenic-association-of-judicial-officers-for-democracy-and-liberties-in-view-of-the-violation-of-human-rights-in-turkey-and-dismissal-of-judicial-officers\/\",\"name\":\"Resolution of Hellenic Association of Judicial Officers for Democracy and Liberties, in view of the violation of human rights in Turkey and dismissal of judicial officers - \u0395\u03c4\u03b1\u03b9\u03c1\u03af\u03b1 \u0395\u03bb\u03bb\u03ae\u03bd\u03c9\u03bd \u0394\u03b9\u03ba\u03b1\u03c3\u03c4\u03b9\u03ba\u03ce\u03bd \u039b\u03b5\u03b9\u03c4\u03bf\u03c5\u03c1\u03b3\u03ce\u03bd\",\"isPartOf\":{\"@id\":\"https:\/\/eedd.gr\/en\/#website\"},\"datePublished\":\"2016-07-21T11:35:17+00:00\",\"dateModified\":\"2023-06-29T11:37:37+00:00\",\"breadcrumb\":{\"@id\":\"https:\/\/eedd.gr\/en\/resolution-of-hellenic-association-of-judicial-officers-for-democracy-and-liberties-in-view-of-the-violation-of-human-rights-in-turkey-and-dismissal-of-judicial-officers\/#breadcrumb\"},\"inLanguage\":\"en-US\",\"potentialAction\":[{\"@type\":\"ReadAction\",\"target\":[\"https:\/\/eedd.gr\/en\/resolution-of-hellenic-association-of-judicial-officers-for-democracy-and-liberties-in-view-of-the-violation-of-human-rights-in-turkey-and-dismissal-of-judicial-officers\/\"]}]},{\"@type\":\"BreadcrumbList\",\"@id\":\"https:\/\/eedd.gr\/en\/resolution-of-hellenic-association-of-judicial-officers-for-democracy-and-liberties-in-view-of-the-violation-of-human-rights-in-turkey-and-dismissal-of-judicial-officers\/#breadcrumb\",\"itemListElement\":[{\"@type\":\"ListItem\",\"position\":1,\"name\":\"\u0391\u03c1\u03c7\u03b9\u03ba\u03ae\",\"item\":\"https:\/\/eedd.gr\/en\/\"},{\"@type\":\"ListItem\",\"position\":2,\"name\":\"Resolution of Hellenic Association of Judicial Officers for Democracy and Liberties, in view of the violation of human rights in Turkey and dismissal of judicial officers\"}]},{\"@type\":\"WebSite\",\"@id\":\"https:\/\/eedd.gr\/en\/#website\",\"url\":\"https:\/\/eedd.gr\/en\/\",\"name\":\"\u0395\u03c4\u03b1\u03b9\u03c1\u03af\u03b1 \u0395\u03bb\u03bb\u03ae\u03bd\u03c9\u03bd \u0394\u03b9\u03ba\u03b1\u03c3\u03c4\u03b9\u03ba\u03ce\u03bd \u039b\u03b5\u03b9\u03c4\u03bf\u03c5\u03c1\u03b3\u03ce\u03bd\",\"description\":\"\u03b3\u03b9\u03b1 \u03c4\u03b7 \u0394\u03b7\u03bc\u03bf\u03ba\u03c1\u03b1\u03c4\u03af\u03b1 \u03ba\u03b1\u03b9 \u03c4\u03b9\u03c2 \u0395\u03bb\u03b5\u03c5\u03b8\u03b5\u03c1\u03af\u03b5\u03c2\",\"publisher\":{\"@id\":\"https:\/\/eedd.gr\/en\/#organization\"},\"potentialAction\":[{\"@type\":\"SearchAction\",\"target\":{\"@type\":\"EntryPoint\",\"urlTemplate\":\"https:\/\/eedd.gr\/en\/?s={search_term_string}\"},\"query-input\":\"required name=search_term_string\"}],\"inLanguage\":\"en-US\"},{\"@type\":\"Organization\",\"@id\":\"https:\/\/eedd.gr\/en\/#organization\",\"name\":\"\u0395\u03c4\u03b1\u03b9\u03c1\u03af\u03b1 \u0395\u03bb\u03bb\u03ae\u03bd\u03c9\u03bd \u0394\u03b9\u03ba\u03b1\u03c3\u03c4\u03b9\u03ba\u03ce\u03bd \u039b\u03b5\u03b9\u03c4\u03bf\u03c5\u03c1\u03b3\u03ce\u03bd\",\"url\":\"https:\/\/eedd.gr\/en\/\",\"logo\":{\"@type\":\"ImageObject\",\"inLanguage\":\"en-US\",\"@id\":\"https:\/\/eedd.gr\/en\/#\/schema\/logo\/image\/\",\"url\":\"https:\/\/eedd.gr\/wp-content\/uploads\/2023\/06\/4234234.png\",\"contentUrl\":\"https:\/\/eedd.gr\/wp-content\/uploads\/2023\/06\/4234234.png\",\"width\":339,\"height\":358,\"caption\":\"\u0395\u03c4\u03b1\u03b9\u03c1\u03af\u03b1 \u0395\u03bb\u03bb\u03ae\u03bd\u03c9\u03bd \u0394\u03b9\u03ba\u03b1\u03c3\u03c4\u03b9\u03ba\u03ce\u03bd \u039b\u03b5\u03b9\u03c4\u03bf\u03c5\u03c1\u03b3\u03ce\u03bd\"},\"image\":{\"@id\":\"https:\/\/eedd.gr\/en\/#\/schema\/logo\/image\/\"}},{\"@type\":\"Person\",\"@id\":\"https:\/\/eedd.gr\/en\/#\/schema\/person\/a527c57fe552fa716cd3365f2874f77a\",\"name\":\"admin\",\"image\":{\"@type\":\"ImageObject\",\"inLanguage\":\"en-US\",\"@id\":\"https:\/\/eedd.gr\/en\/#\/schema\/person\/image\/\",\"url\":\"https:\/\/secure.gravatar.com\/avatar\/7b0caadc06e6492a94032c8e2645eef25994c1e4a61f4456466ada40344bea51?s=96&d=mm&r=g\",\"contentUrl\":\"https:\/\/secure.gravatar.com\/avatar\/7b0caadc06e6492a94032c8e2645eef25994c1e4a61f4456466ada40344bea51?s=96&d=mm&r=g\",\"caption\":\"admin\"},\"sameAs\":[\"http:\/\/eedd.gr\"],\"url\":\"https:\/\/eedd.gr\/en\/author\/admin\/\"}]}<\/script>\n<!-- \/ Yoast SEO plugin. -->","yoast_head_json":{"title":"Resolution of Hellenic Association of Judicial Officers for Democracy and Liberties, in view of the violation of human rights in Turkey and dismissal of judicial officers - \u0395\u03c4\u03b1\u03b9\u03c1\u03af\u03b1 \u0395\u03bb\u03bb\u03ae\u03bd\u03c9\u03bd \u0394\u03b9\u03ba\u03b1\u03c3\u03c4\u03b9\u03ba\u03ce\u03bd \u039b\u03b5\u03b9\u03c4\u03bf\u03c5\u03c1\u03b3\u03ce\u03bd","robots":{"index":"index","follow":"follow","max-snippet":"max-snippet:-1","max-image-preview":"max-image-preview:large","max-video-preview":"max-video-preview:-1"},"canonical":"https:\/\/eedd.gr\/en\/resolution-of-hellenic-association-of-judicial-officers-for-democracy-and-liberties-in-view-of-the-violation-of-human-rights-in-turkey-and-dismissal-of-judicial-officers\/","og_locale":"en_US","og_type":"article","og_title":"Resolution of Hellenic Association of Judicial Officers for Democracy and Liberties, in view of the violation of human rights in Turkey and dismissal of judicial officers - \u0395\u03c4\u03b1\u03b9\u03c1\u03af\u03b1 \u0395\u03bb\u03bb\u03ae\u03bd\u03c9\u03bd \u0394\u03b9\u03ba\u03b1\u03c3\u03c4\u03b9\u03ba\u03ce\u03bd \u039b\u03b5\u03b9\u03c4\u03bf\u03c5\u03c1\u03b3\u03ce\u03bd","og_description":"The Hellenic Association of Magistrates for Democracy and Freedoms, a member of MEDEL &#8211; Magistrats Europ\u00e9ens pour la d\u00e9mocratie et les libert\u00e9s (European Judicial Officers for Democracy and Freedoms), &#8211; is participating in the global anxiety for the containment of the fundamental rights in Turkey, the aftermath of the failed coup. It is very worrying [&hellip;]","og_url":"https:\/\/eedd.gr\/en\/resolution-of-hellenic-association-of-judicial-officers-for-democracy-and-liberties-in-view-of-the-violation-of-human-rights-in-turkey-and-dismissal-of-judicial-officers\/","og_site_name":"\u0395\u03c4\u03b1\u03b9\u03c1\u03af\u03b1 \u0395\u03bb\u03bb\u03ae\u03bd\u03c9\u03bd \u0394\u03b9\u03ba\u03b1\u03c3\u03c4\u03b9\u03ba\u03ce\u03bd \u039b\u03b5\u03b9\u03c4\u03bf\u03c5\u03c1\u03b3\u03ce\u03bd","article_published_time":"2016-07-21T11:35:17+00:00","article_modified_time":"2023-06-29T11:37:37+00:00","og_image":[{"width":710,"height":184,"url":"https:\/\/eedd.gr\/wp-content\/uploads\/2023\/06\/66.png","type":"image\/png"}],"author":"admin","twitter_card":"summary_large_image","twitter_misc":{"Written by":"admin","Est. reading time":"2 minutes"},"schema":{"@context":"https:\/\/schema.org","@graph":[{"@type":"Article","@id":"https:\/\/eedd.gr\/en\/resolution-of-hellenic-association-of-judicial-officers-for-democracy-and-liberties-in-view-of-the-violation-of-human-rights-in-turkey-and-dismissal-of-judicial-officers\/#article","isPartOf":{"@id":"https:\/\/eedd.gr\/en\/resolution-of-hellenic-association-of-judicial-officers-for-democracy-and-liberties-in-view-of-the-violation-of-human-rights-in-turkey-and-dismissal-of-judicial-officers\/"},"author":{"name":"admin","@id":"https:\/\/eedd.gr\/en\/#\/schema\/person\/a527c57fe552fa716cd3365f2874f77a"},"headline":"Resolution of Hellenic Association of Judicial Officers for Democracy and Liberties, in view of the violation of human rights in Turkey and dismissal of judicial officers","datePublished":"2016-07-21T11:35:17+00:00","dateModified":"2023-06-29T11:37:37+00:00","mainEntityOfPage":{"@id":"https:\/\/eedd.gr\/en\/resolution-of-hellenic-association-of-judicial-officers-for-democracy-and-liberties-in-view-of-the-violation-of-human-rights-in-turkey-and-dismissal-of-judicial-officers\/"},"wordCount":292,"publisher":{"@id":"https:\/\/eedd.gr\/en\/#organization"},"articleSection":["Announcements"],"inLanguage":"en-US"},{"@type":"WebPage","@id":"https:\/\/eedd.gr\/en\/resolution-of-hellenic-association-of-judicial-officers-for-democracy-and-liberties-in-view-of-the-violation-of-human-rights-in-turkey-and-dismissal-of-judicial-officers\/","url":"https:\/\/eedd.gr\/en\/resolution-of-hellenic-association-of-judicial-officers-for-democracy-and-liberties-in-view-of-the-violation-of-human-rights-in-turkey-and-dismissal-of-judicial-officers\/","name":"Resolution of Hellenic Association of Judicial Officers for Democracy and Liberties, in view of the violation of human rights in Turkey and dismissal of judicial officers - \u0395\u03c4\u03b1\u03b9\u03c1\u03af\u03b1 \u0395\u03bb\u03bb\u03ae\u03bd\u03c9\u03bd \u0394\u03b9\u03ba\u03b1\u03c3\u03c4\u03b9\u03ba\u03ce\u03bd \u039b\u03b5\u03b9\u03c4\u03bf\u03c5\u03c1\u03b3\u03ce\u03bd","isPartOf":{"@id":"https:\/\/eedd.gr\/en\/#website"},"datePublished":"2016-07-21T11:35:17+00:00","dateModified":"2023-06-29T11:37:37+00:00","breadcrumb":{"@id":"https:\/\/eedd.gr\/en\/resolution-of-hellenic-association-of-judicial-officers-for-democracy-and-liberties-in-view-of-the-violation-of-human-rights-in-turkey-and-dismissal-of-judicial-officers\/#breadcrumb"},"inLanguage":"en-US","potentialAction":[{"@type":"ReadAction","target":["https:\/\/eedd.gr\/en\/resolution-of-hellenic-association-of-judicial-officers-for-democracy-and-liberties-in-view-of-the-violation-of-human-rights-in-turkey-and-dismissal-of-judicial-officers\/"]}]},{"@type":"BreadcrumbList","@id":"https:\/\/eedd.gr\/en\/resolution-of-hellenic-association-of-judicial-officers-for-democracy-and-liberties-in-view-of-the-violation-of-human-rights-in-turkey-and-dismissal-of-judicial-officers\/#breadcrumb","itemListElement":[{"@type":"ListItem","position":1,"name":"\u0391\u03c1\u03c7\u03b9\u03ba\u03ae","item":"https:\/\/eedd.gr\/en\/"},{"@type":"ListItem","position":2,"name":"Resolution of Hellenic Association of Judicial Officers for Democracy and Liberties, in view of the violation of human rights in Turkey and dismissal of judicial officers"}]},{"@type":"WebSite","@id":"https:\/\/eedd.gr\/en\/#website","url":"https:\/\/eedd.gr\/en\/","name":"\u0395\u03c4\u03b1\u03b9\u03c1\u03af\u03b1 \u0395\u03bb\u03bb\u03ae\u03bd\u03c9\u03bd \u0394\u03b9\u03ba\u03b1\u03c3\u03c4\u03b9\u03ba\u03ce\u03bd \u039b\u03b5\u03b9\u03c4\u03bf\u03c5\u03c1\u03b3\u03ce\u03bd","description":"\u03b3\u03b9\u03b1 \u03c4\u03b7 \u0394\u03b7\u03bc\u03bf\u03ba\u03c1\u03b1\u03c4\u03af\u03b1 \u03ba\u03b1\u03b9 \u03c4\u03b9\u03c2 \u0395\u03bb\u03b5\u03c5\u03b8\u03b5\u03c1\u03af\u03b5\u03c2","publisher":{"@id":"https:\/\/eedd.gr\/en\/#organization"},"potentialAction":[{"@type":"SearchAction","target":{"@type":"EntryPoint","urlTemplate":"https:\/\/eedd.gr\/en\/?s={search_term_string}"},"query-input":"required name=search_term_string"}],"inLanguage":"en-US"},{"@type":"Organization","@id":"https:\/\/eedd.gr\/en\/#organization","name":"\u0395\u03c4\u03b1\u03b9\u03c1\u03af\u03b1 \u0395\u03bb\u03bb\u03ae\u03bd\u03c9\u03bd \u0394\u03b9\u03ba\u03b1\u03c3\u03c4\u03b9\u03ba\u03ce\u03bd \u039b\u03b5\u03b9\u03c4\u03bf\u03c5\u03c1\u03b3\u03ce\u03bd","url":"https:\/\/eedd.gr\/en\/","logo":{"@type":"ImageObject","inLanguage":"en-US","@id":"https:\/\/eedd.gr\/en\/#\/schema\/logo\/image\/","url":"https:\/\/eedd.gr\/wp-content\/uploads\/2023\/06\/4234234.png","contentUrl":"https:\/\/eedd.gr\/wp-content\/uploads\/2023\/06\/4234234.png","width":339,"height":358,"caption":"\u0395\u03c4\u03b1\u03b9\u03c1\u03af\u03b1 \u0395\u03bb\u03bb\u03ae\u03bd\u03c9\u03bd \u0394\u03b9\u03ba\u03b1\u03c3\u03c4\u03b9\u03ba\u03ce\u03bd \u039b\u03b5\u03b9\u03c4\u03bf\u03c5\u03c1\u03b3\u03ce\u03bd"},"image":{"@id":"https:\/\/eedd.gr\/en\/#\/schema\/logo\/image\/"}},{"@type":"Person","@id":"https:\/\/eedd.gr\/en\/#\/schema\/person\/a527c57fe552fa716cd3365f2874f77a","name":"admin","image":{"@type":"ImageObject","inLanguage":"en-US","@id":"https:\/\/eedd.gr\/en\/#\/schema\/person\/image\/","url":"https:\/\/secure.gravatar.com\/avatar\/7b0caadc06e6492a94032c8e2645eef25994c1e4a61f4456466ada40344bea51?s=96&d=mm&r=g","contentUrl":"https:\/\/secure.gravatar.com\/avatar\/7b0caadc06e6492a94032c8e2645eef25994c1e4a61f4456466ada40344bea51?s=96&d=mm&r=g","caption":"admin"},"sameAs":["http:\/\/eedd.gr"],"url":"https:\/\/eedd.gr\/en\/author\/admin\/"}]}},"_links":{"self":[{"href":"https:\/\/eedd.gr\/en\/wp-json\/wp\/v2\/posts\/3956","targetHints":{"allow":["GET"]}}],"collection":[{"href":"https:\/\/eedd.gr\/en\/wp-json\/wp\/v2\/posts"}],"about":[{"href":"https:\/\/eedd.gr\/en\/wp-json\/wp\/v2\/types\/post"}],"author":[{"embeddable":true,"href":"https:\/\/eedd.gr\/en\/wp-json\/wp\/v2\/users\/1"}],"replies":[{"embeddable":true,"href":"https:\/\/eedd.gr\/en\/wp-json\/wp\/v2\/comments?post=3956"}],"version-history":[{"count":1,"href":"https:\/\/eedd.gr\/en\/wp-json\/wp\/v2\/posts\/3956\/revisions"}],"predecessor-version":[{"id":3957,"href":"https:\/\/eedd.gr\/en\/wp-json\/wp\/v2\/posts\/3956\/revisions\/3957"}],"wp:featuredmedia":[{"embeddable":true,"href":"https:\/\/eedd.gr\/en\/wp-json\/wp\/v2\/media\/3714"}],"wp:attachment":[{"href":"https:\/\/eedd.gr\/en\/wp-json\/wp\/v2\/media?parent=3956"}],"wp:term":[{"taxonomy":"category","embeddable":true,"href":"https:\/\/eedd.gr\/en\/wp-json\/wp\/v2\/categories?post=3956"},{"taxonomy":"post_tag","embeddable":true,"href":"https:\/\/eedd.gr\/en\/wp-json\/wp\/v2\/tags?post=3956"}],"curies":[{"name":"wp","href":"https:\/\/api.w.org\/{rel}","templated":true}]}}