{"id":3948,"date":"2016-10-31T11:15:57","date_gmt":"2016-10-31T11:15:57","guid":{"rendered":"http:\/\/eedd.gr\/?p=3948"},"modified":"2023-06-29T11:16:31","modified_gmt":"2023-06-29T11:16:31","slug":"the-platform-for-an-independent-judiciary-in-turkey","status":"publish","type":"post","link":"https:\/\/eedd.gr\/en\/the-platform-for-an-independent-judiciary-in-turkey\/","title":{"rendered":"The PLATFORM FOR AN INDEPENDENT JUDICIARY IN TURKEY,"},"content":{"rendered":"<p>which is composed of the four<br \/>\nEuropean judges associations<br \/>\nAssociation of European Administrative Judges (AEAJ)<br \/>\nEuropean Association of Judges (EAJ)<br \/>\nJudges for Judges<br \/>\nMagistrats Europ\u00e9ens pour la D\u00e9mocratie et les Libert\u00e9s (MEDEL)<br \/>\nCONSIDERING that Turkey had suffered a terrible attack against its democratic institutions on<br \/>\n15.7.2016 which killed almost three hundreds of its people and left much more seriously wounded,<br \/>\nan event which has to be strongly condemned<br \/>\nUNDERLINING that those whose involvement in this coup d\u2019\u00e9tat have been proved should be hold<br \/>\naccountable<br \/>\nWELCOMING the fact that all political parties and the Turkish people have delivered a strong<br \/>\nstatement for democracy<br \/>\nREMINDING that a basic pillar of democracy is the rule of law and a commitment to the safeguarding<br \/>\nof human rights, enshrined in the European Convention of Human Rights (EHCR), to which Turkey is a<br \/>\nparty,<br \/>\nAFFIRMING the fact that every emergency law and likewise the suspension of the European<br \/>\nConvention of Human Rights according to Article 15 have their limits regarding the extent of the<br \/>\nmeasures in so far as all restrictions have to be kept as narrow as it is absolutely necessary due to<br \/>\nthe extraordinary situation<br \/>\nSTRONGLY INSISTING that fundamental procedural principles have to be followed even in<br \/>\nextraordinary circumstances like the right to access to a lawyer, like the necessity that there is at<br \/>\nleast a concrete suspicion of an involvement in a crime etc.<br \/>\nHINTING AT the universal accepted fundamental principle that even those who have committed a<br \/>\ncrime have an indispensible right of a fair trial<br \/>\nNotices that<br \/>\n\u00d8 thousands of judges and prosecutors have been arrested and dismissed without an adequate<br \/>\nprocedure,<br \/>\n\u00d8 their property has been seized<br \/>\n\u00d8 that very often the evidence to be member of a terroristic organisation seems to be very<br \/>\nweak and that the Turkish law regarding terroristic organisation is much too far-reaching<br \/>\nwith international standards and therefore often criticised by the international institutions<br \/>\n\u00d8 that there are many claims about the situation in the detention centres which include<br \/>\nassertions of torture<br \/>\nappeals to the Turkish authorities:<br \/>\n\u00d8 to end the state of emergency and re-establish the procedural guarantees of a fair trial and<br \/>\nimmediately stop all non-derogable rights violations as provided in Article 15 of the European<br \/>\nConvention on Human Rights and any measures derogating disproportionately to the obligations of<br \/>\nthe Convention<br \/>\n\u00d8 to adopt the legislation on fighting terrorism to international standards<br \/>\n\u00d8 to respect the independence of the judiciary and stop influencing courts and especially the<br \/>\nHigh Council of Judges and Prosecutors<br \/>\n\u00d8 restore the property of judges and prosecutors and their families , which was seized under<br \/>\nthe emergency decree<br \/>\n\u00d8 guarantee that the European Prison Rules (CM Rec(2006)2 ) are obeyed in all detention<br \/>\ncentres and to held accountable those who have violated them<br \/>\n\u00d8 annul the dissolution of the only independent judges association YARSAV<br \/>\nurges all European authorities in particular all bodies of the Council of Europe and the European<br \/>\nUnion<br \/>\n\u00d8 to convince and to support Turkey in fulfilling the claims, which were enumerated above<br \/>\n\u00d8 to requests Turkey to meet its obligation under Article 15 para 3 of the ECHR<br \/>\n\u00d8 to remind the Turkish government to follow its obligation under the Turkish constitution<br \/>\n\u00d8 to establish a commission of independent experts to examine the current situation in Turkey<br \/>\nregarding fundamental rights and esepcially if the measures taken by the emergency decree<br \/>\nfollow the principle of proportionality, which is an underlying element of Article 15 of the<br \/>\nECHR, a commission in which the platform is prepared to participate<br \/>\n\u00d8 to entrust observers to follow the criminal procedures against Turkish judges and<br \/>\nprosecutors<br \/>\n\u00d8 to ask the European Committee for Prevention of Torture to examine every individual<br \/>\nassertion of torture and the circumstances of every suicide of judges and prosecutors in the<br \/>\ndetention , especially the reported death of Seyfettin Yigit, who was found hanged on<br \/>\nSeptember, 16h.<\/p>\n","protected":false},"excerpt":{"rendered":"<p>which is composed of the four European judges associations Association of European Administrative Judges (AEAJ) European Association of Judges (EAJ) Judges for Judges Magistrats Europ\u00e9ens pour la D\u00e9mocratie et les Libert\u00e9s (MEDEL) CONSIDERING that Turkey had suffered a terrible attack against its democratic institutions on 15.7.2016 which killed almost three hundreds of its people and [&hellip;]<\/p>\n","protected":false},"author":1,"featured_media":3714,"comment_status":"closed","ping_status":"closed","sticky":false,"template":"","format":"standard","meta":{"footnotes":""},"categories":[47],"tags":[],"class_list":["post-3948","post","type-post","status-publish","format-standard","has-post-thumbnail","hentry","category-announcements"],"yoast_head":"<!-- This site is optimized with the Yoast SEO plugin v20.9 - https:\/\/yoast.com\/wordpress\/plugins\/seo\/ -->\n<title>The PLATFORM FOR AN INDEPENDENT JUDICIARY IN TURKEY, - \u0395\u03c4\u03b1\u03b9\u03c1\u03af\u03b1 \u0395\u03bb\u03bb\u03ae\u03bd\u03c9\u03bd \u0394\u03b9\u03ba\u03b1\u03c3\u03c4\u03b9\u03ba\u03ce\u03bd \u039b\u03b5\u03b9\u03c4\u03bf\u03c5\u03c1\u03b3\u03ce\u03bd<\/title>\n<meta name=\"robots\" content=\"index, follow, max-snippet:-1, max-image-preview:large, max-video-preview:-1\" \/>\n<link rel=\"canonical\" href=\"https:\/\/eedd.gr\/en\/the-platform-for-an-independent-judiciary-in-turkey\/\" \/>\n<meta property=\"og:locale\" content=\"en_US\" \/>\n<meta property=\"og:type\" content=\"article\" \/>\n<meta property=\"og:title\" content=\"The PLATFORM FOR AN INDEPENDENT JUDICIARY IN TURKEY, - \u0395\u03c4\u03b1\u03b9\u03c1\u03af\u03b1 \u0395\u03bb\u03bb\u03ae\u03bd\u03c9\u03bd \u0394\u03b9\u03ba\u03b1\u03c3\u03c4\u03b9\u03ba\u03ce\u03bd \u039b\u03b5\u03b9\u03c4\u03bf\u03c5\u03c1\u03b3\u03ce\u03bd\" \/>\n<meta property=\"og:description\" content=\"which is composed of the four European judges associations Association of European Administrative Judges (AEAJ) European Association of Judges (EAJ) Judges for Judges Magistrats Europ\u00e9ens pour la D\u00e9mocratie et les Libert\u00e9s (MEDEL) CONSIDERING that Turkey had suffered a terrible attack against its democratic institutions on 15.7.2016 which killed almost three hundreds of its people and [&hellip;]\" \/>\n<meta property=\"og:url\" content=\"https:\/\/eedd.gr\/en\/the-platform-for-an-independent-judiciary-in-turkey\/\" \/>\n<meta property=\"og:site_name\" content=\"\u0395\u03c4\u03b1\u03b9\u03c1\u03af\u03b1 \u0395\u03bb\u03bb\u03ae\u03bd\u03c9\u03bd \u0394\u03b9\u03ba\u03b1\u03c3\u03c4\u03b9\u03ba\u03ce\u03bd \u039b\u03b5\u03b9\u03c4\u03bf\u03c5\u03c1\u03b3\u03ce\u03bd\" \/>\n<meta property=\"article:published_time\" content=\"2016-10-31T11:15:57+00:00\" \/>\n<meta property=\"article:modified_time\" content=\"2023-06-29T11:16:31+00:00\" \/>\n<meta property=\"og:image\" content=\"https:\/\/eedd.gr\/wp-content\/uploads\/2023\/06\/66.png\" \/>\n\t<meta property=\"og:image:width\" content=\"710\" \/>\n\t<meta property=\"og:image:height\" content=\"184\" \/>\n\t<meta property=\"og:image:type\" content=\"image\/png\" \/>\n<meta name=\"author\" content=\"admin\" \/>\n<meta name=\"twitter:card\" content=\"summary_large_image\" \/>\n<meta name=\"twitter:label1\" content=\"Written by\" \/>\n\t<meta name=\"twitter:data1\" content=\"admin\" \/>\n\t<meta name=\"twitter:label2\" content=\"Est. reading time\" \/>\n\t<meta name=\"twitter:data2\" content=\"4 minutes\" \/>\n<script type=\"application\/ld+json\" class=\"yoast-schema-graph\">{\"@context\":\"https:\/\/schema.org\",\"@graph\":[{\"@type\":\"Article\",\"@id\":\"https:\/\/eedd.gr\/en\/the-platform-for-an-independent-judiciary-in-turkey\/#article\",\"isPartOf\":{\"@id\":\"https:\/\/eedd.gr\/en\/the-platform-for-an-independent-judiciary-in-turkey\/\"},\"author\":{\"name\":\"admin\",\"@id\":\"https:\/\/eedd.gr\/en\/#\/schema\/person\/a527c57fe552fa716cd3365f2874f77a\"},\"headline\":\"The PLATFORM FOR AN INDEPENDENT JUDICIARY IN TURKEY,\",\"datePublished\":\"2016-10-31T11:15:57+00:00\",\"dateModified\":\"2023-06-29T11:16:31+00:00\",\"mainEntityOfPage\":{\"@id\":\"https:\/\/eedd.gr\/en\/the-platform-for-an-independent-judiciary-in-turkey\/\"},\"wordCount\":636,\"publisher\":{\"@id\":\"https:\/\/eedd.gr\/en\/#organization\"},\"articleSection\":[\"Announcements\"],\"inLanguage\":\"en-US\"},{\"@type\":\"WebPage\",\"@id\":\"https:\/\/eedd.gr\/en\/the-platform-for-an-independent-judiciary-in-turkey\/\",\"url\":\"https:\/\/eedd.gr\/en\/the-platform-for-an-independent-judiciary-in-turkey\/\",\"name\":\"The PLATFORM FOR AN INDEPENDENT JUDICIARY IN TURKEY, - \u0395\u03c4\u03b1\u03b9\u03c1\u03af\u03b1 \u0395\u03bb\u03bb\u03ae\u03bd\u03c9\u03bd \u0394\u03b9\u03ba\u03b1\u03c3\u03c4\u03b9\u03ba\u03ce\u03bd \u039b\u03b5\u03b9\u03c4\u03bf\u03c5\u03c1\u03b3\u03ce\u03bd\",\"isPartOf\":{\"@id\":\"https:\/\/eedd.gr\/en\/#website\"},\"datePublished\":\"2016-10-31T11:15:57+00:00\",\"dateModified\":\"2023-06-29T11:16:31+00:00\",\"breadcrumb\":{\"@id\":\"https:\/\/eedd.gr\/en\/the-platform-for-an-independent-judiciary-in-turkey\/#breadcrumb\"},\"inLanguage\":\"en-US\",\"potentialAction\":[{\"@type\":\"ReadAction\",\"target\":[\"https:\/\/eedd.gr\/en\/the-platform-for-an-independent-judiciary-in-turkey\/\"]}]},{\"@type\":\"BreadcrumbList\",\"@id\":\"https:\/\/eedd.gr\/en\/the-platform-for-an-independent-judiciary-in-turkey\/#breadcrumb\",\"itemListElement\":[{\"@type\":\"ListItem\",\"position\":1,\"name\":\"\u0391\u03c1\u03c7\u03b9\u03ba\u03ae\",\"item\":\"https:\/\/eedd.gr\/en\/\"},{\"@type\":\"ListItem\",\"position\":2,\"name\":\"The PLATFORM FOR AN INDEPENDENT JUDICIARY IN TURKEY,\"}]},{\"@type\":\"WebSite\",\"@id\":\"https:\/\/eedd.gr\/en\/#website\",\"url\":\"https:\/\/eedd.gr\/en\/\",\"name\":\"\u0395\u03c4\u03b1\u03b9\u03c1\u03af\u03b1 \u0395\u03bb\u03bb\u03ae\u03bd\u03c9\u03bd \u0394\u03b9\u03ba\u03b1\u03c3\u03c4\u03b9\u03ba\u03ce\u03bd \u039b\u03b5\u03b9\u03c4\u03bf\u03c5\u03c1\u03b3\u03ce\u03bd\",\"description\":\"\u03b3\u03b9\u03b1 \u03c4\u03b7 \u0394\u03b7\u03bc\u03bf\u03ba\u03c1\u03b1\u03c4\u03af\u03b1 \u03ba\u03b1\u03b9 \u03c4\u03b9\u03c2 \u0395\u03bb\u03b5\u03c5\u03b8\u03b5\u03c1\u03af\u03b5\u03c2\",\"publisher\":{\"@id\":\"https:\/\/eedd.gr\/en\/#organization\"},\"potentialAction\":[{\"@type\":\"SearchAction\",\"target\":{\"@type\":\"EntryPoint\",\"urlTemplate\":\"https:\/\/eedd.gr\/en\/?s={search_term_string}\"},\"query-input\":\"required name=search_term_string\"}],\"inLanguage\":\"en-US\"},{\"@type\":\"Organization\",\"@id\":\"https:\/\/eedd.gr\/en\/#organization\",\"name\":\"\u0395\u03c4\u03b1\u03b9\u03c1\u03af\u03b1 \u0395\u03bb\u03bb\u03ae\u03bd\u03c9\u03bd \u0394\u03b9\u03ba\u03b1\u03c3\u03c4\u03b9\u03ba\u03ce\u03bd \u039b\u03b5\u03b9\u03c4\u03bf\u03c5\u03c1\u03b3\u03ce\u03bd\",\"url\":\"https:\/\/eedd.gr\/en\/\",\"logo\":{\"@type\":\"ImageObject\",\"inLanguage\":\"en-US\",\"@id\":\"https:\/\/eedd.gr\/en\/#\/schema\/logo\/image\/\",\"url\":\"https:\/\/eedd.gr\/wp-content\/uploads\/2023\/06\/4234234.png\",\"contentUrl\":\"https:\/\/eedd.gr\/wp-content\/uploads\/2023\/06\/4234234.png\",\"width\":339,\"height\":358,\"caption\":\"\u0395\u03c4\u03b1\u03b9\u03c1\u03af\u03b1 \u0395\u03bb\u03bb\u03ae\u03bd\u03c9\u03bd \u0394\u03b9\u03ba\u03b1\u03c3\u03c4\u03b9\u03ba\u03ce\u03bd \u039b\u03b5\u03b9\u03c4\u03bf\u03c5\u03c1\u03b3\u03ce\u03bd\"},\"image\":{\"@id\":\"https:\/\/eedd.gr\/en\/#\/schema\/logo\/image\/\"}},{\"@type\":\"Person\",\"@id\":\"https:\/\/eedd.gr\/en\/#\/schema\/person\/a527c57fe552fa716cd3365f2874f77a\",\"name\":\"admin\",\"image\":{\"@type\":\"ImageObject\",\"inLanguage\":\"en-US\",\"@id\":\"https:\/\/eedd.gr\/en\/#\/schema\/person\/image\/\",\"url\":\"https:\/\/secure.gravatar.com\/avatar\/7b0caadc06e6492a94032c8e2645eef25994c1e4a61f4456466ada40344bea51?s=96&d=mm&r=g\",\"contentUrl\":\"https:\/\/secure.gravatar.com\/avatar\/7b0caadc06e6492a94032c8e2645eef25994c1e4a61f4456466ada40344bea51?s=96&d=mm&r=g\",\"caption\":\"admin\"},\"sameAs\":[\"http:\/\/eedd.gr\"],\"url\":\"https:\/\/eedd.gr\/en\/author\/admin\/\"}]}<\/script>\n<!-- \/ Yoast SEO plugin. -->","yoast_head_json":{"title":"The PLATFORM FOR AN INDEPENDENT JUDICIARY IN TURKEY, - \u0395\u03c4\u03b1\u03b9\u03c1\u03af\u03b1 \u0395\u03bb\u03bb\u03ae\u03bd\u03c9\u03bd \u0394\u03b9\u03ba\u03b1\u03c3\u03c4\u03b9\u03ba\u03ce\u03bd \u039b\u03b5\u03b9\u03c4\u03bf\u03c5\u03c1\u03b3\u03ce\u03bd","robots":{"index":"index","follow":"follow","max-snippet":"max-snippet:-1","max-image-preview":"max-image-preview:large","max-video-preview":"max-video-preview:-1"},"canonical":"https:\/\/eedd.gr\/en\/the-platform-for-an-independent-judiciary-in-turkey\/","og_locale":"en_US","og_type":"article","og_title":"The PLATFORM FOR AN INDEPENDENT JUDICIARY IN TURKEY, - \u0395\u03c4\u03b1\u03b9\u03c1\u03af\u03b1 \u0395\u03bb\u03bb\u03ae\u03bd\u03c9\u03bd \u0394\u03b9\u03ba\u03b1\u03c3\u03c4\u03b9\u03ba\u03ce\u03bd \u039b\u03b5\u03b9\u03c4\u03bf\u03c5\u03c1\u03b3\u03ce\u03bd","og_description":"which is composed of the four European judges associations Association of European Administrative Judges (AEAJ) European Association of Judges (EAJ) Judges for Judges Magistrats Europ\u00e9ens pour la D\u00e9mocratie et les Libert\u00e9s (MEDEL) CONSIDERING that Turkey had suffered a terrible attack against its democratic institutions on 15.7.2016 which killed almost three hundreds of its people and [&hellip;]","og_url":"https:\/\/eedd.gr\/en\/the-platform-for-an-independent-judiciary-in-turkey\/","og_site_name":"\u0395\u03c4\u03b1\u03b9\u03c1\u03af\u03b1 \u0395\u03bb\u03bb\u03ae\u03bd\u03c9\u03bd \u0394\u03b9\u03ba\u03b1\u03c3\u03c4\u03b9\u03ba\u03ce\u03bd \u039b\u03b5\u03b9\u03c4\u03bf\u03c5\u03c1\u03b3\u03ce\u03bd","article_published_time":"2016-10-31T11:15:57+00:00","article_modified_time":"2023-06-29T11:16:31+00:00","og_image":[{"width":710,"height":184,"url":"https:\/\/eedd.gr\/wp-content\/uploads\/2023\/06\/66.png","type":"image\/png"}],"author":"admin","twitter_card":"summary_large_image","twitter_misc":{"Written by":"admin","Est. reading time":"4 minutes"},"schema":{"@context":"https:\/\/schema.org","@graph":[{"@type":"Article","@id":"https:\/\/eedd.gr\/en\/the-platform-for-an-independent-judiciary-in-turkey\/#article","isPartOf":{"@id":"https:\/\/eedd.gr\/en\/the-platform-for-an-independent-judiciary-in-turkey\/"},"author":{"name":"admin","@id":"https:\/\/eedd.gr\/en\/#\/schema\/person\/a527c57fe552fa716cd3365f2874f77a"},"headline":"The PLATFORM FOR AN INDEPENDENT JUDICIARY IN TURKEY,","datePublished":"2016-10-31T11:15:57+00:00","dateModified":"2023-06-29T11:16:31+00:00","mainEntityOfPage":{"@id":"https:\/\/eedd.gr\/en\/the-platform-for-an-independent-judiciary-in-turkey\/"},"wordCount":636,"publisher":{"@id":"https:\/\/eedd.gr\/en\/#organization"},"articleSection":["Announcements"],"inLanguage":"en-US"},{"@type":"WebPage","@id":"https:\/\/eedd.gr\/en\/the-platform-for-an-independent-judiciary-in-turkey\/","url":"https:\/\/eedd.gr\/en\/the-platform-for-an-independent-judiciary-in-turkey\/","name":"The PLATFORM FOR AN INDEPENDENT JUDICIARY IN TURKEY, - \u0395\u03c4\u03b1\u03b9\u03c1\u03af\u03b1 \u0395\u03bb\u03bb\u03ae\u03bd\u03c9\u03bd \u0394\u03b9\u03ba\u03b1\u03c3\u03c4\u03b9\u03ba\u03ce\u03bd \u039b\u03b5\u03b9\u03c4\u03bf\u03c5\u03c1\u03b3\u03ce\u03bd","isPartOf":{"@id":"https:\/\/eedd.gr\/en\/#website"},"datePublished":"2016-10-31T11:15:57+00:00","dateModified":"2023-06-29T11:16:31+00:00","breadcrumb":{"@id":"https:\/\/eedd.gr\/en\/the-platform-for-an-independent-judiciary-in-turkey\/#breadcrumb"},"inLanguage":"en-US","potentialAction":[{"@type":"ReadAction","target":["https:\/\/eedd.gr\/en\/the-platform-for-an-independent-judiciary-in-turkey\/"]}]},{"@type":"BreadcrumbList","@id":"https:\/\/eedd.gr\/en\/the-platform-for-an-independent-judiciary-in-turkey\/#breadcrumb","itemListElement":[{"@type":"ListItem","position":1,"name":"\u0391\u03c1\u03c7\u03b9\u03ba\u03ae","item":"https:\/\/eedd.gr\/en\/"},{"@type":"ListItem","position":2,"name":"The PLATFORM FOR AN INDEPENDENT JUDICIARY IN TURKEY,"}]},{"@type":"WebSite","@id":"https:\/\/eedd.gr\/en\/#website","url":"https:\/\/eedd.gr\/en\/","name":"\u0395\u03c4\u03b1\u03b9\u03c1\u03af\u03b1 \u0395\u03bb\u03bb\u03ae\u03bd\u03c9\u03bd \u0394\u03b9\u03ba\u03b1\u03c3\u03c4\u03b9\u03ba\u03ce\u03bd \u039b\u03b5\u03b9\u03c4\u03bf\u03c5\u03c1\u03b3\u03ce\u03bd","description":"\u03b3\u03b9\u03b1 \u03c4\u03b7 \u0394\u03b7\u03bc\u03bf\u03ba\u03c1\u03b1\u03c4\u03af\u03b1 \u03ba\u03b1\u03b9 \u03c4\u03b9\u03c2 \u0395\u03bb\u03b5\u03c5\u03b8\u03b5\u03c1\u03af\u03b5\u03c2","publisher":{"@id":"https:\/\/eedd.gr\/en\/#organization"},"potentialAction":[{"@type":"SearchAction","target":{"@type":"EntryPoint","urlTemplate":"https:\/\/eedd.gr\/en\/?s={search_term_string}"},"query-input":"required name=search_term_string"}],"inLanguage":"en-US"},{"@type":"Organization","@id":"https:\/\/eedd.gr\/en\/#organization","name":"\u0395\u03c4\u03b1\u03b9\u03c1\u03af\u03b1 \u0395\u03bb\u03bb\u03ae\u03bd\u03c9\u03bd \u0394\u03b9\u03ba\u03b1\u03c3\u03c4\u03b9\u03ba\u03ce\u03bd \u039b\u03b5\u03b9\u03c4\u03bf\u03c5\u03c1\u03b3\u03ce\u03bd","url":"https:\/\/eedd.gr\/en\/","logo":{"@type":"ImageObject","inLanguage":"en-US","@id":"https:\/\/eedd.gr\/en\/#\/schema\/logo\/image\/","url":"https:\/\/eedd.gr\/wp-content\/uploads\/2023\/06\/4234234.png","contentUrl":"https:\/\/eedd.gr\/wp-content\/uploads\/2023\/06\/4234234.png","width":339,"height":358,"caption":"\u0395\u03c4\u03b1\u03b9\u03c1\u03af\u03b1 \u0395\u03bb\u03bb\u03ae\u03bd\u03c9\u03bd \u0394\u03b9\u03ba\u03b1\u03c3\u03c4\u03b9\u03ba\u03ce\u03bd \u039b\u03b5\u03b9\u03c4\u03bf\u03c5\u03c1\u03b3\u03ce\u03bd"},"image":{"@id":"https:\/\/eedd.gr\/en\/#\/schema\/logo\/image\/"}},{"@type":"Person","@id":"https:\/\/eedd.gr\/en\/#\/schema\/person\/a527c57fe552fa716cd3365f2874f77a","name":"admin","image":{"@type":"ImageObject","inLanguage":"en-US","@id":"https:\/\/eedd.gr\/en\/#\/schema\/person\/image\/","url":"https:\/\/secure.gravatar.com\/avatar\/7b0caadc06e6492a94032c8e2645eef25994c1e4a61f4456466ada40344bea51?s=96&d=mm&r=g","contentUrl":"https:\/\/secure.gravatar.com\/avatar\/7b0caadc06e6492a94032c8e2645eef25994c1e4a61f4456466ada40344bea51?s=96&d=mm&r=g","caption":"admin"},"sameAs":["http:\/\/eedd.gr"],"url":"https:\/\/eedd.gr\/en\/author\/admin\/"}]}},"_links":{"self":[{"href":"https:\/\/eedd.gr\/en\/wp-json\/wp\/v2\/posts\/3948","targetHints":{"allow":["GET"]}}],"collection":[{"href":"https:\/\/eedd.gr\/en\/wp-json\/wp\/v2\/posts"}],"about":[{"href":"https:\/\/eedd.gr\/en\/wp-json\/wp\/v2\/types\/post"}],"author":[{"embeddable":true,"href":"https:\/\/eedd.gr\/en\/wp-json\/wp\/v2\/users\/1"}],"replies":[{"embeddable":true,"href":"https:\/\/eedd.gr\/en\/wp-json\/wp\/v2\/comments?post=3948"}],"version-history":[{"count":1,"href":"https:\/\/eedd.gr\/en\/wp-json\/wp\/v2\/posts\/3948\/revisions"}],"predecessor-version":[{"id":3949,"href":"https:\/\/eedd.gr\/en\/wp-json\/wp\/v2\/posts\/3948\/revisions\/3949"}],"wp:featuredmedia":[{"embeddable":true,"href":"https:\/\/eedd.gr\/en\/wp-json\/wp\/v2\/media\/3714"}],"wp:attachment":[{"href":"https:\/\/eedd.gr\/en\/wp-json\/wp\/v2\/media?parent=3948"}],"wp:term":[{"taxonomy":"category","embeddable":true,"href":"https:\/\/eedd.gr\/en\/wp-json\/wp\/v2\/categories?post=3948"},{"taxonomy":"post_tag","embeddable":true,"href":"https:\/\/eedd.gr\/en\/wp-json\/wp\/v2\/tags?post=3948"}],"curies":[{"name":"wp","href":"https:\/\/api.w.org\/{rel}","templated":true}]}}