{"id":3944,"date":"2017-02-14T11:14:09","date_gmt":"2017-02-14T11:14:09","guid":{"rendered":"http:\/\/eedd.gr\/?p=3944"},"modified":"2023-06-29T11:14:58","modified_gmt":"2023-06-29T11:14:58","slug":"rapports-sur-la-situation-de-la-justice-par-les-organisations-membres-de-medel","status":"publish","type":"post","link":"https:\/\/eedd.gr\/en\/rapports-sur-la-situation-de-la-justice-par-les-organisations-membres-de-medel\/","title":{"rendered":"RAPPORTS SUR LA SITUATION DE LA JUSTICE PAR LES ORGANISATIONS MEMBRES DE MEDEL"},"content":{"rendered":"<p>SITUATION DE LA JUSTICE EN ALLEMAGNE<br \/>\n1. La R\u00e9publique F\u00e9d\u00e9rale Allemande se comprend comme un \u00e9tat de droit d\u00e9mocratique et<br \/>\nsocial (Art. 20 de la constitution, Grundgesetz (GG), Loi Fondamentale). L\u2019acc\u00e8s \u00e0 la justice,<br \/>\naux juges, auxquels le pouvoir de rendre la justice est confi\u00e9e (Art. 92), est garanti par la<br \/>\nconstitution (Art. 19 alin\u00e9a 4). La Cour Constitutionnelle puissante est souvent l\u2019arbitre entre<br \/>\nles autres pouvoirs, l\u2019ex\u00e9cutif et le l\u00e9gislatif, soit, sur recours constitutionnel individuel soit<br \/>\nsur recours introduit par un magistrat en vue d\u2019un contr\u00f4le de constitutionnalit\u00e9, entre le<br \/>\ncitoyen et \u00abl\u2019\u00e9tat\u00bb.<br \/>\n2. La justice est, en g\u00e9n\u00e9ral, dans le domaine des L\u00e4nder (=les \u00e9tats qui forment la f\u00e9d\u00e9ration),<br \/>\nseules les Cours Supr\u00eames et la Cour Constitutionnelle F\u00e9d\u00e9rale sont des cours f\u00e9d\u00e9rales. La<br \/>\nl\u00e9gislation sur la justice et son organisation ainsi que \u2013 en principe \u2013 le statut des magistrats<br \/>\nsont aussi du ressort de la f\u00e9d\u00e9ration, seule la r\u00e9mun\u00e9ration est en partie, en vertu d\u2019une loi<br \/>\nf\u00e9d\u00e9rale, entre les mains des L\u00e4nder en ce qui concerne les d\u00e9tails (voir infra sub 7.)<br \/>\n3. Les juges et les magistrats du parquet ont, en principe, un statut assez confortable et ils<br \/>\ngardent leurs droits de citoyen (conception du juge-citoyen), y compris le droit d\u2019\u00eatre<br \/>\nmembre actif d\u2019un parti politique et\/ou d\u2019un syndicat. Les magistrats du parquet ont \u2013h\u00e9las \u2013<br \/>\nle statut de fonctionnaires et le parquet est fortement hi\u00e9rarchis\u00e9.<br \/>\n4. En ce qui concerne les organisations professionnelles de magistrats, il en existe trois: La<br \/>\ntraditionnelle Association Allemande de Magistrats (Deutscher Richterbund, DRiB, largement<br \/>\nmajoritaire) et les deux groupes progressistes, membres de MEDEL: Les Magistrats ver.di<br \/>\n(Syndicat Unifi\u00e9 des Services Publics et Priv\u00e9s,)Vereinte Dienstleistungsgewerkschaf) et la<br \/>\nNouvelle Association des Magistrats (Neue Richtervereinigung, NRV).<br \/>\n5. Pour l\u2019administration et la gestion de l\u2019institution judiciaire, il n\u2019existe pas d\u2019organe du type<br \/>\nCSM (conseil Sup\u00e9rieur de la Magistrature) comme dans le reste de l\u2019Europe, ni au niveau de<br \/>\nla f\u00e9d\u00e9ration ni des L\u00e4nder. On peut donc parler d\u2019une s\u00e9paration des pouvoirs de l\u2019\u00e9tat<br \/>\ninachev\u00e9e. La cr\u00e9ation de tels organes est donc revendiqu\u00e9e par les trois organisations de<br \/>\nmagistrats, mais elle n\u2019est ni s\u00e9rieusement discut\u00e9e ni revendiqu\u00e9e dans et par le politique<br \/>\n(des exceptions existent toutefois). Un certain espoir s\u2019est fait jour : Le bureau et la<br \/>\npr\u00e9sidence de notre Syndicat ver.di, avec ses deux millions de membres, soutiennent notre<br \/>\nrevendication d\u2019une administration et d\u2019une gestion du syst\u00e8me judiciaire ind\u00e9pendantes<br \/>\n(autonomes).<br \/>\n6. Bien qu\u2019il manque un syst\u00e8me de ce type, existent in nuce des \u00e9l\u00e9ments d\u2019autonomie et\/ou<br \/>\nprot\u00e9geant l\u2019ind\u00e9pendance des magistrats :<br \/>\n&#8211; L\u2019autogestion des cours et tribunaux par un organisme (le Pr\u00e4sidium) \u00e9lu par les juges<br \/>\nqui fixe la composition des chambres et la distribution des affaires selon des crit\u00e8res<br \/>\nabstraits-g\u00e9n\u00e9raux, pour garantir le juge naturel et \u00e9viter toute manipulation ;<br \/>\n&#8211; La n\u00e9cessit\u00e9 d\u2019un avis des repr\u00e9sentants \u00e9lus des magistrats \u00e0 chaque acte<br \/>\nadministratif \u00e0 l\u2019int\u00e9rieur du tribunal qui concerne les juges (la Mitbestimmung,<br \/>\ncogestion). Le degr\u00e9 de Mitbestimmung oscille selon les diff\u00e9rents L\u00e4nder entre l\u2019avis<br \/>\nsimple et l\u2019avis conforme ;<br \/>\n&#8211; La discipline est confi\u00e9e, pour les magistrats (sauf l\u2019avertissement qui est de la<br \/>\ncomp\u00e9tence du pr\u00e9sident) \u00e0 des tribunaux ind\u00e9pendants compos\u00e9s de juges (selon la<br \/>\nl\u00e9gislation de quelques L\u00e4nder, compl\u00e9t\u00e9s par un avocat) ; la discipline est, d\u2019ailleurs,<br \/>\nappliqu\u00e9e tr\u00e8s restrictivement si l\u2019on compare la pratique avec d\u2019autres pays;.<br \/>\n&#8211; Pour les Cours F\u00e9d\u00e9rales, et dans une grande partie des L\u00e4nder, les juges ne sont pas<br \/>\nchoisis et nomm\u00e9s par le seul ministre de la justice mais en commun avec une<br \/>\ncommission parlementaire (et donc pluraliste). Ce syst\u00e8me a \u00e9t\u00e9, apr\u00e8s la chute du<br \/>\nsyst\u00e8me d\u2019injustice nazi avec sa politisation de la justice, y compris sa partialit\u00e9, cr\u00e9\u00e9 et<br \/>\nchoisi pour garantir une composition pluraliste de la justice qui correspond \u00e0 la<br \/>\npluralit\u00e9 sociale et repr\u00e9sente celle-ci.<br \/>\n7. Pour conclure, trois touches sur des probl\u00e8mes actuels, outre la lutte pour un syst\u00e8me CSM<br \/>\nd\u2019autogestion et, par cela, l\u2019ach\u00e8vement de la s\u00e9paration des pouvoirs :<br \/>\n&#8211; La r\u00e9forme du syst\u00e8me PeBB\u00a7y (Personalbedarfsberechnungssystem, syst\u00e8me<br \/>\nd\u2019\u00e9valuation des charges de travail servant de base \u00e0 la fixation des chiffres de dossiers<br \/>\nconsid\u00e9r\u00e9s comme devant \u00eatre trait\u00e9es par le personnel dans le budget de la justice et<br \/>\nfavorisant une r\u00e9partition des charges \u00e9gale et juste au sein des cours et tribunaux);<br \/>\n&#8211; La mis\u00e8re des salaires d\u2019une grande partie des magistrats (surtout les juges de base et<br \/>\nparmi eux surtout les jeunes) : La Cour Constitutionnelle vient de d\u00e9clarer le syst\u00e8me,<br \/>\ndans plusieurs L\u00e4nder, incompatible avec la constitution qui garantit pour les magistrats<br \/>\nune r\u00e9mun\u00e9ration ad\u00e9quate \u00e0 la fonction de juge et\/ou de membre du parquet<br \/>\n(jugement du 5 mai 2015 -!-);<br \/>\n&#8211; La menace que repr\u00e9senteraient des accords comme TTIP etc\u2026 pour un \u00e9tat de droit<br \/>\nd\u00e9mocratique qui pourraient remplacer les comp\u00e9tences des justices nationales<br \/>\nind\u00e9pendantes par un syst\u00e8me d\u2019arbitrage aux crit\u00e8res et avec le personnel du capital<br \/>\ninternational.<br \/>\nSITUATION DE LA JUSTICE EN BELGIQUE : EXSANGUE ET OUTRAGEE<br \/>\n1. La justice belge est exsangue car les gouvernements qui se sont succ\u00e9d\u00e9s depuis plus de dix ans<br \/>\nont oeuvr\u00e9 au d\u00e9sengagement de l\u2019Etat dans ce domaine qui rel\u00e8ve pourtant \u00e0 la fois d\u2019un service<br \/>\npublic mais \u00e9galement et surtout d\u2019un pouvoir constitu\u00e9.<br \/>\nDans le rapport qu\u2019elle a rendu public en 2014, la CEPEJ a \u00e9valu\u00e9 pour 2012 \u00e0 0,7% la part du budget<br \/>\nnational consacr\u00e9e \u00e0 la justice alors que la moyenne europ\u00e9enne est de 2,2%. La Belgique se situait<br \/>\nainsi en avant-derni\u00e8re position.<br \/>\nEn 2014 et 2015, le gouvernement a impos\u00e9 au secteur de nouvelles mesures d\u2019aust\u00e9rit\u00e9 qui vont<br \/>\nn\u00e9cessairement aggraver son \u00e9tat de faillite. Exemples : dans les 4 prochaines ann\u00e9es, sur 6<br \/>\nmagistrats qui partent, un seul sera remplac\u00e9 ; de nombreux palais sont insalubres ; l\u2019informatique<br \/>\nest pr\u00e9historique et d\u00e9fectueuse ; de nombreux greffes connaissent des p\u00e9riodes de fermeture<br \/>\nr\u00e9guli\u00e8re par manque de personnel ; le minist\u00e8re public a renonc\u00e9 \u00e0 poursuivre toute une s\u00e9rie<br \/>\nd\u2019infractions ; un arri\u00e9r\u00e9 de plus de 100 millions d\u2019euros \u00e9tait d\u00fb \u00e0 la fin 2014 aux experts et<br \/>\ntraducteurs\u2026<br \/>\nLa justice belge est donc plac\u00e9e dans l\u2019impossibilit\u00e9 mat\u00e9rielle d\u2019exercer bon nombre de ses missions.<br \/>\n2. L\u2019\u00e9quilibre des institutions a r\u00e9cemment \u00e9t\u00e9 rompu par le l\u00e9gislateur en sorte que la justice va<br \/>\n\u00e9galement \u00eatre plac\u00e9e dans l\u2019impossibilit\u00e9 d\u2019exercer son r\u00f4le de pouvoir constitu\u00e9, contre-pouvoir<br \/>\ndes pouvoirs l\u00e9gislatif et ex\u00e9cutif.<br \/>\nCette rupture d\u2019\u00e9quilibre est le r\u00e9sultat de deux lois r\u00e9centes :<br \/>\n&#8211; la loi du 1er d\u00e9cembre 2013 qui impose pour des raisons budg\u00e9taires aux magistrats d\u2019\u00eatre \u00ab<br \/>\nmobiles \u00bb au sein d\u2019un espace \u00e9largi, parfois tr\u00e8s vaste, et permet donc de les \u00ab d\u00e9placer \u00bb, au m\u00e9pris<br \/>\nde la Constitution qui garantit leur ind\u00e9pendance par leur inamovibilit\u00e9 ;<br \/>\n&#8211; la loi du 18 f\u00e9vrier 2014 qui pr\u00e9tend introduire la \u00ab gestion autonome \u00bb des entit\u00e9s judiciaires et qui<br \/>\na fait de la justice un d\u00e9partement minist\u00e9riel. Les moyens &#8211; c\u2019est \u00e0 dire une enveloppe ferm\u00e9e<br \/>\nr\u00e9duite comme on le devine \u00e0 peau de chagrin \u2013 seront d\u00e9sormais allou\u00e9s par le ministre de la justice<br \/>\naux entit\u00e9s judiciaires, plac\u00e9es en concurrence, apr\u00e8s \u00e9valuation de leurs \u00ab r\u00e9sultats \u00bb et de leur<br \/>\nproduction, suivant des crit\u00e8res et des objectifs qui seront d\u00e9finis par le ministre lequel a d\u00e9j\u00e0 pr\u00e9vu<br \/>\nl\u2019obligation de traiter dans un d\u00e9lai d\u2019un an tous les dossiers entrants dans une structure. La mise<br \/>\nsous tutelle est donc \u00e9vidente et lorsqu\u2019elle est conjugu\u00e9e \u00e0 l\u2019absence de moyens, l\u2019on aper\u00e7oit<br \/>\nl\u2019ampleur du coup qui est port\u00e9 \u00e0 la d\u00e9mocratie belge.<br \/>\nC\u2019est pour ces raisons que les magistrats belges ont lanc\u00e9 deux recours contre ces lois aupr\u00e8s de la<br \/>\nCour constitutionnelle et qu\u2019ils vont introduire aupr\u00e8s de la Commission europ\u00e9enne une plainte<br \/>\nfond\u00e9e sur l\u2019article 47 de la Charte des droits fondamentaux.<br \/>\nC\u2019est dans ce contexte \u00e9galement qu\u2019a \u00e9t\u00e9 organis\u00e9e le 20 mars dernier une journ\u00e9e d\u2019alerte qui a<br \/>\nr\u00e9uni l\u2019ensemble des acteurs du monde judiciaire, avec le Barreau, le personnel, les experts et les<br \/>\ntraducteurs.<br \/>\nAth\u00e8nes, 23 mai 2015, Vinciane Boon Porte-parole de l\u2019Association syndicale des magistrats et M&amp;M<br \/>\nSITUATION DE LA JUSTICE EN BULGARIE<br \/>\nAccording to the Constitution of the Republic of Bulgaria, the judiciary shall be independent<br \/>\nfrom the other two branches of the state power. The Supreme Judicial Council \/SJC\/ is entitled to<br \/>\nelect, promote, demote, transfer, to impose disciplinary sanctions on judges, prosecutors and<br \/>\ninvestigating magistrates and dismiss them from office. The judiciary has an independent budget<br \/>\nwhich is administered by the SJC.<br \/>\nThe current set up of the Supreme Judicial Council enables strong political influence over the<br \/>\nfunctioning of the Council. According to the Constitution, the SJC consist of 25 members. The<br \/>\nPresident of the Supreme Court of Cassation, the President of the Supreme Administrative Court, and<br \/>\nthe Prosecutor General are ex officio members of the Council. Eleven of the members of the SJC are<br \/>\nelected by the Parliament and eleven are elected by the judicial authorities which includes courts,<br \/>\nprosecutors\u2019 offices and offices of investigating magistrates. The \u2018professional quota\u2019 of the Council<br \/>\ncomprises of 6 judges, 4 prosecutors and 1 investigating magistrates.<br \/>\nOn several occasions the Bulgarian Judges Association expressed concern that the structure of the<br \/>\nSJC opens a wide range of possibilities for political interference in the process of administration of<br \/>\nthe judiciary, especially in elections of the presidents of courts and appointments of the Prosecutor<br \/>\nGeneral and the presidents of the Supreme Court of Cassation and the Supreme Administrative<br \/>\nCourt. The current structure of the Council and the number of its \u2018Parliament quota\u2019 members<br \/>\nenables politization of the process of appointing the candidates nominated by the parliamentary<br \/>\nrepresented political parties1.<br \/>\nAnother issue arising from the existing structure of the SJC is bringing together powers relating to<br \/>\njudges, prosecutors and investigating magistrates into a single body \u2013 all functions of the Council<br \/>\nregarding these three types of magistrates are executed by the plenary of the SJC. In a series of<br \/>\nopinions and recommendations the institutions of the Council of Europe consistently highlight that<br \/>\n1 Opinion CDL-INF (99) 5 of 22-23 March 1999; Opinion of 5-6 July 2002 (CDL-AD (2002) 15);<br \/>\nOpinions Nos 444\/2007 and 515\/2009 of the European Commission for Democracy through Law \/The Venice<br \/>\nCommission\/.<br \/>\none of the major instruments that guarantee judicial independence and the effective management of<br \/>\nthe judiciary is creating safeguards, which ensure that matters relating to the status of judges and<br \/>\nprosecutors will be addressed independently.2 The Venice Commission and the Parliamentary<br \/>\nAssembly of the Council recommended reconsideration of the common administration of the affairs<br \/>\nof judges, prosecutors and investigating magistrates.3<br \/>\nThe Bulgarian Judges Association has addressed these problems and has drawn up several proposals<br \/>\nfor amendments of the Judicial System Act aiming at institutional accordance of the administration of<br \/>\nBulgarian judiciary with best European practices. There are some reasons for optimism as the<br \/>\npresent Government and especially the Minister of Justice in the beginning of this year announced a<br \/>\nplan for judicial reform that includes a draft for a Constitutional amendment in conformity with the<br \/>\nabovementioned recommendations.<br \/>\nThe political influence over the SJC hinders the fulfillment of one of its basic duties \u2013 to protect<br \/>\njudicial independence. In Bulgaria judges operate in an environment, which makes their work<br \/>\nstrongly dependent on public opinion formed to a large extent by the arbitrary public comments on<br \/>\nthe work of courts by representatives of the executive power. This places the discretion of judges in<br \/>\nrelation to their professional duties, under disconcerting pressure and compromises the principle of<br \/>\nfair adjudication on the basis of the law and collected evidence only.<br \/>\nThe Bulgarian Judges Association appealed several times to the SJC and insisted that the Council is<br \/>\nthe body that is bound to protect the independence of the judiciary and to assure an efficient, fair<br \/>\nand transparent judicial administration. Unfortunately, the majority of the Council\u2019s members fail to<br \/>\nunderstand the importance of the issues we raise and our organization is criticised by them for too<br \/>\nmuch \u2018activism\u2019.<br \/>\nThere were two recent significant examples of undue and vague practices of the SJS. Judge Nelli<br \/>\nKutzkova, the former Spokesperson and ex-member of the Board of the Bulgarian Judges Association,<br \/>\nwas the only candidate for the position of the President of the Sofia Appellate Court. Her candidature<br \/>\nwas supported by 40 of 58 judges at that court. During the session of the Council held on 30 April<br \/>\n2015, before the election, 11 members of the SJC spoke in favor of her nomination saying that she is<br \/>\nthe proper candidate. No one of the Council\u2019s members did express a negative opinion. As a result of<br \/>\nthe secret voting only 9 members of the Council voted for judge Kutzkova, 4 members voted against<br \/>\nher and other 6 abstained. After the voting one of the Council\u2019s members declared that he voted<br \/>\nagainst judge Kutzkova as she was \u2018politically affined\u2019 and once elected she would contribute to<br \/>\ndisunion within the professional community.<br \/>\nDuring the same session of the SJC another scandalous decision was made. An agenda item was the<br \/>\napproval of the status of irremovability4 of judge Krasimir Mazgalov, member of the Bulgarian Judges<br \/>\nAssociation and one of the 24 judges from the Sofia City Court who some weeks ago criticized the<br \/>\n2 Opinion no.10 (2007) and Opinion no.12 (2009) of the Consultative Council of European Judges (CCJE)<br \/>\n3 Opinion No 515\/2009 of the Venice Commission; Resolution No 1730 (2010) of the Parliamentary<br \/>\nAssembly of the Council of Europe<br \/>\n4 After completing the fifth year of service and upon attestation by the SJC\u2019s Nomination and Attestation<br \/>\nCommission, affirmed by the SJC\u2019s resolution, a judge is appointed indefinitely and acquires life tenure.<br \/>\nCouncil for its inactivity to identify and condemn some dubious practices of the administration of<br \/>\nthat court. The judge Mazgalov\u2019s performance evaluation was excellent and no one member of the<br \/>\nCouncil expressed a negative opinion. However as a result of the secret voting there were not<br \/>\nprevailing votes for his irremovabality which was equivalent to his removal from the office. That was<br \/>\naverted only because of the reaction of two of the SJC members who proposed a new voting during<br \/>\nwhich the proposal for his irremovability was approved with a very slight majority.<br \/>\nAtanas Atanasov, Judge of Sofia City Court, Member of the Board of the Bulgarian Judges Association<br \/>\nSITUATION DE LA JUSTICE A CHYPRE<br \/>\nIn regard of the problems of the Judges in Cyprus I would like to inform you the following:<br \/>\nAs you may know Cyprus had a very strong and wealthy economy before 2013. The development of<br \/>\nthe Cyprus economy was one of the best in Europe.<br \/>\nAfter continuous strategic mistakes of Cyprus banks and the decision of bail in to Cyprus banks in<br \/>\nMarch 2013, the whole country faced an incredible economic crisis.<br \/>\nTrying to save the economy of total collapse, Cyprus government made an application for assistance<br \/>\nto the E.U and the International Monetary Fund.<br \/>\nOne of the first demands of the representatives of troika was the salary\u2019s reduction of the public<br \/>\nservants in a percentage of 20%. .<br \/>\nAlthough there is a strict prohibition in the Constitution of Cyprus which does not allow the reduction<br \/>\nof judge\u2019s salary and other benefits, the parliament decided to include the members of the judiciary<br \/>\nto the reduction Law.<br \/>\nWe have cautioned the government and the parliament about the infringement of the Constitution<br \/>\nbut with no result. After that all members of our association filed an application to the Supreme<br \/>\nCourt of Cyprus against the law of the parliament.<br \/>\nThe Supreme Court found unconstitutional the reduction of the judge\u2019s salary and cancelled the law.<br \/>\nBut all this period the members of the judiciary were facing an unbelievable attack from politicians<br \/>\nand the media. They were accusing us of been indifferent to the problems of the economy. But for<br \/>\nour association this was not a matter of money but a matter of a clear violence of the Constitution.<br \/>\nProving that, after the judgement of the Supreme Court who cancelled the law, all members of our<br \/>\nassociation offered voluntary 20% of their salary. The government accepted that offer. We do not<br \/>\nbelieve of course that the economic crisis will be solved with our offer but we thought that this will<br \/>\nbe a symbolic action for the people of Cyprus who suffers from the measures taken by the troika.<br \/>\nIf we add also another 15% of new income taxes after March 2013 the whole reduction of judge\u2019s<br \/>\nsalary amounts approximately to 35%. Of course we have warned the government that any other<br \/>\nreduction is not acceptable because it will affect the decent living and the integrity of the members<br \/>\nof the judiciary.<br \/>\nEconomic crisis does not affect only the salary of the judges. Also affected the whole society and the<br \/>\npeople of Cyprus began to doubt the system including the judiciary. The media are criticizing the<br \/>\njudgments of the Courts in many cases unfairly and in most cases without even reading the<br \/>\njudgement.<br \/>\nAlso the number of cases coming in to the courts increased dramatically due to the economic crisis.<br \/>\nThe judges doing their best to manage the increasing work. But because of the embargo of new<br \/>\nemployments the problem remains.<br \/>\nOf course we must not forget the infringement of human rights in Cyprus by the Turkish army who<br \/>\noccupies approximately 40% of the island since 1974.<br \/>\nUnder these circumstances Cyprus judges keep their independence and continue to serve the rule of<br \/>\nlaw and democracy.<br \/>\nSITUATION DE LA JUSTICE EN ESPAGNE<br \/>\nSince 2012, the Spanish government has been introducing reforms that, taken collectively, would<br \/>\nseriously weaken the rule of law.<br \/>\nA Court Fees Act and an initial reform to the Organic Law of the Judiciary were passed in 2012; a law<br \/>\nto reform the Judicial Council (Consejo General del Poder Judicial) was passed in 2013; and reforms<br \/>\nto the Criminal Code and the Citizen Security and Public Safety Act have been passed in March 2015.<br \/>\nProposed reforms to the Legal Aid Act, the Criminal Procedure Act and additional reforms of the<br \/>\nOrganic Law of the Judiciary are still under discussion in parliament.<br \/>\nWe are deeply concerned that these legislative reforms adversely affect the proper functioning of<br \/>\nthe institutions responsible for safeguarding the rule of law, and attack the following elements of the<br \/>\nrule of law: access to justice and independent and effective judicial review; non- discrimination and<br \/>\nequality before the law; separation of powers and judicial independence; legal certainty and respect<br \/>\nfor human rights; and a transparent, accountable, democratic and pluralistic process for enacting<br \/>\nlaw.<br \/>\nThe principles and values are threatened in Spain as a result of legislative reforms, some of which<br \/>\nhave been adopted and others which are in the course of being approved, and how domestic rule of<br \/>\nlaw safeguards have not been capable of containing such threats.<br \/>\nJudges for Democracy, ( JPD) and Progressive Union of Prosecutors, ( UPF) express their grave<br \/>\nconcern in relation to serious threats to the rule of law in Spain.<br \/>\nThe government should reopen the reforms to proper consultations with the aim of ensuring the<br \/>\nreforms lead to an effective reorganization and modernization of the judicial system. Our judiciary<br \/>\nshould be organized and resourced in such a way as to secure independence and to ensure the<br \/>\njudiciary can secure the rule of law, including an adequate number of judges and prosecutors, proper<br \/>\nfacilities and resources, etc. Remind the Spanish government that political and executive interference<br \/>\nwith the judiciary is inconsistent with the requirement for an independent judiciary.<br \/>\nThe proposed laws infringe the principle of legal certainty and the freedoms of expression and<br \/>\nassembly, fundamental rights in a democratic society governed by the rule of law and the new<br \/>\nimmigration law legalizes summary returns.<br \/>\nJPD UPF<br \/>\nSITUATION DE LA JUSTICE EN FRANCE<br \/>\nL&#8217;alternance politique de 2012 n&#8217;a pas permis \u00e0 la justice fran\u00e7aise de revenir sur dix ann\u00e9es de<br \/>\npopulisme s\u00e9curitaire et de p\u00e9nurie budg\u00e9taire. Faute d&#8217;ambition politique, elle n&#8217;a pas \u00e9t\u00e9 r\u00e9form\u00e9e<br \/>\nen profondeur et reste profond\u00e9ment in\u00e9galitaire et maltraitante pour ses usagers.<br \/>\nUne justice dont l&#8217;ind\u00e9pendance n&#8217;est toujours pas garantie<br \/>\nAucune r\u00e9forme constitutionnelle n&#8217;est venue renforcer l&#8217;ind\u00e9pendance de la justice. Si le pouvoir<br \/>\nex\u00e9cutif n&#8217;intervient plus dans le cours des affaires individuelles, son emprise reste tr\u00e8s forte sur la<br \/>\ncarri\u00e8re des magistrats. Les magistrats du parquet n&#8217;ont toujours pas conquis leur ind\u00e9pendance, et<br \/>\nde nombreux scandales politico-financiers, mettant en jeu des personnalit\u00e9s politiques de premier<br \/>\nplan comme un ancien pr\u00e9sident de la R\u00e9publique, sont un pr\u00e9texte pour alimenter le soup\u00e7on d&#8217;une<br \/>\njustice instrumentalis\u00e9e. Le syndicalisme judiciaire a \u00e9t\u00e9 la cible de violentes attaques qui laissent<br \/>\ncraindre, pour les ann\u00e9es \u00e0 venir, une remise en cause fondamentale.<br \/>\nLes libert\u00e9s individuelles en danger<br \/>\nDepuis 1986, la France renforce son arsenal r\u00e9pressif au nom de la lutte contre le terrorisme. La<br \/>\nderni\u00e8re loi vot\u00e9e restreint le contr\u00f4le du juge judiciaire sur les atteintes aux libert\u00e9s individuelles au<br \/>\nprofit de l&#8217;administration, notamment en cr\u00e9ant l&#8217;interdiction administrative de sortie du territoire<br \/>\npour les \u00ab candidats au djihad \u00bb ou en autorisant le blocage de sites internet sur d\u00e9cision<br \/>\nadministrative.<br \/>\nLa mobilisation nationale pour la libert\u00e9 d&#8217;expression qui a suivi les attentats de janvier 2015 a vite<br \/>\n\u00e9t\u00e9 r\u00e9cup\u00e9r\u00e9e par un gouvernement qui a d\u00e9clar\u00e9 la \u00ab guerre \u00bb au terrorisme et justifie toutes les<br \/>\nd\u00e9rives s\u00e9curitaires. Le Parlement s&#8217;appr\u00eate \u00e0 voter une loi, qui, sous pr\u00e9texte d&#8217;encadrer les<br \/>\npouvoirs des services de renseignement, autorisera la surveillance de masse des citoyens sans<br \/>\ncontr\u00f4le d&#8217;une autorit\u00e9 ind\u00e9pendante. Les exigences de fermet\u00e9 et d&#8217;exemplarit\u00e9 dans la lutte contre<br \/>\nle racisme et le terrorisme conduisent au d\u00e9mant\u00e8lement continu de la loi sur la libert\u00e9 de la presse,<br \/>\nqui prot\u00e8ge la libert\u00e9 d&#8217;expression. Le d\u00e9lit d&#8217;apologie du terrorisme est devenu une infraction de<br \/>\ndroit commun, s\u00e9v\u00e8rement r\u00e9prim\u00e9e par les tribunaux, comme le seront bient\u00f4t les injures et<br \/>\ndiffamations \u00e0 caract\u00e8re raciste.<br \/>\nEn mati\u00e8re p\u00e9nale, le gouvernement a renonc\u00e9 \u00e0 r\u00e9former en profondeur. La loi p\u00e9nale vot\u00e9e en<br \/>\n2014 a certes supprim\u00e9 le m\u00e9canisme des peines planchers, et cr\u00e9\u00e9 une nouvelle peine, la probation.<br \/>\nMais les parlementaires et le pouvoir ex\u00e9cutif ont pr\u00e9f\u00e9r\u00e9 donner des gages de fermet\u00e9 \u00e0 l&#8217;opinion<br \/>\npublique plut\u00f4t que de mettre en oeuvre une politique r\u00e9ellement progressiste. Et le gouvernement<br \/>\na abandonn\u00e9 toute vell\u00e9it\u00e9 de r\u00e9former la justice des mineurs, pourtant saccag\u00e9e par dix ann\u00e9es de<br \/>\npolitique s\u00e9curitaire, ou de supprimer la r\u00e9tention de s\u00fbret\u00e9.<br \/>\nPour la justice du quotidien, des logiques gestionnaires<br \/>\nLe service public de la justice n&#8217;a cess\u00e9 de se d\u00e9grader ces derni\u00e8res ann\u00e9es. Pour faire face au flux<br \/>\ndes proc\u00e9dures, les juridictions, sous la pression de la hi\u00e9rarchie judiciaire, ont c\u00e9d\u00e9 \u00e0 la logique<br \/>\ngestionnaire. Le contradictoire, l&#8217;\u00e9coute du justiciable, la coll\u00e9gialit\u00e9 disparaissent des pr\u00e9toires au<br \/>\nprofit de proc\u00e9dures exp\u00e9ditives dans lesquelles le juge devient l&#8217;alibi d&#8217;un parquet tout puissant. Les<br \/>\nmissions de protection et de garant des libert\u00e9s du juge sont r\u00e9guli\u00e8rement remises en cause au<br \/>\nprofit d&#8217;une justice p\u00e9nale qui elle tourne \u00e0 plein r\u00e9gime pour r\u00e9primer, toujours plus s\u00e9v\u00e8rement,<br \/>\nles populations les plus faibles.<br \/>\nLa justice reste inaccessible pour nombre de justiciables que la crise a pr\u00e9cipit\u00e9 dans la pr\u00e9carit\u00e9, et<br \/>\nqui ne peuvent avoir acc\u00e8s \u00e0 un avocat. L&#8217;Etat se d\u00e9sengage du budget de l&#8217;aide juridictionnelle, un<br \/>\ndes plus faibles d&#8217;Europe, et refuse d&#8217;assurer une r\u00e9mun\u00e9ration d\u00e9cente aux avocats qui se<br \/>\nconsacrent \u00e0 la d\u00e9fense des plus d\u00e9munis.<br \/>\nFran\u00e7oise Martres Pr\u00e9sidente du Syndicat de la Magistrature.<br \/>\nLA SITUATION DE LA JUSTICE EN GRECE<br \/>\nChaque syst\u00e8me judiciaire \u00e9volue dans son propre contexte historique en respectant la Constitution,<br \/>\nla culture et la tradition judiciaire nationale<br \/>\nLa justice grecque comporte des probl\u00e8mes permanents graves, qui pourraient \u00eatre attribues en<br \/>\ngrande partie au manque de modernisation de son mod\u00e8le d\u2019organisation actuel.<br \/>\nLes retards dans l\u2019administration et le rendement de la justice sont consid\u00e9r\u00e9s comme l&#8217;un des<br \/>\nprincipaux probl\u00e8mes.<br \/>\nLa Gr\u00e8ce occupe une des premi\u00e8res places parmi les pays du Conseil d\u2019 Europe dans lesquels la<br \/>\njustice et les litiges sont g\u00e9r\u00e9s \u00e0 des rythmes tr\u00e8s lents.<br \/>\nDans notre syst\u00e8me proc\u00e9dural le \u201cfiltrage\u201d des affaires judiciaires n\u2019est pas pr\u00e9vu, ce qui fait que<br \/>\npresque un million d\u2019affaires judiciaires sont au jour d\u2019hui pendantes devant les tribunaux grecs.<br \/>\nD\u2019autres formes de r\u00e8glement des litiges, comme la m\u00e9diation, ne sont pas encore d\u00e9velopp\u00e9es.<br \/>\nLa surcharge de l&#8217;appareil judiciaire de la justice grecque n\u2019est pas seulement li\u00e9e \u00e0 la production<br \/>\ncontinue et fragmentaire des r\u00e8gles, ce qui engendre un exc\u00e8s de mati\u00e8re judiciaire (une \u00e9norme<br \/>\nquantit\u00e9 de mati\u00e8re judiciaire), surtout pour les tribunaux administratifs et p\u00e9naux, mais aussi au fait<br \/>\nqu\u2019un certain nombre de graves probl\u00e8mes juridiques apparaissent concernant des citoyens ayant<br \/>\ndes croyances, des visions du monde et des religions diff\u00e9rentes \u00e9manant de la cr\u00e9ation de nouvelles<br \/>\nparam\u00e8tres culturelles.<br \/>\nCompte tenu de l&#8217;analyse du sociologue Max Weber \u00e0 propos de la relation entre le droit et<br \/>\nl\u2019\u00e9conomie, \u00e0 savoir du lien \u00e9troit entre les institutions et le march\u00e9, on dirait que le syst\u00e8me<br \/>\nd\u2019administration de la justice a subi un coup suppl\u00e9mentaire pour une autre raison, notamment \u00e0<br \/>\ncause de l&#8217;environnement \u00e9conomique cr\u00e9\u00e9 par la crise financi\u00e8re.<br \/>\nChoisissant alors une solution facile afin de faire face au co\u00fbt de la justice, l&#8217;\u00e9tat a r\u00e9duit des services<br \/>\net des d\u00e9penses n\u00e9cessaires pour le fonctionnement du syst\u00e8me, cela ayant comme r\u00e9sultat la<br \/>\ncarence apparente non seulement en infrastructure logistique mais aussi en ressources humaines, vu<br \/>\nque des postes de magistrats et de greffiers restent vacants.<br \/>\nDans le cadre de ces r\u00e9ductions le gouvernement, ayant reproch\u00e9 aux magistrats grecs de former une<br \/>\n\u201c\u00e9lite\u201d, un groupe privil\u00e9gi\u00e9, a proc\u00e9d\u00e9 dans une p\u00e9riode de deux ans \u00e0 la diminution de leurs<br \/>\nr\u00e9mun\u00e9rations de 60%.<br \/>\nLe non-respect de l\u2019ex\u00e9cutif aux d\u00e9cisions judiciaires conduit \u00e0 l&#8217;augmentation des pouvoirs de ce<br \/>\ndernier, au d\u00e9triment de l&#8217;\u00e9tat de droit.<br \/>\nDans le corps judiciaire il ya un point de vue qui est tr\u00e8s rependu, selon lequel dans la magistrature<br \/>\ngrecque la discipline doit \u00eatre sup\u00e9rieure \u00e0 celle r\u00e9gnant dans l&#8217;arm\u00e9e et que c\u2019 est une impi\u00e9t\u00e9 de la<br \/>\npart des juges d\u2019 exprimer leurs avis.<br \/>\nLa haute hi\u00e9rarchie judiciaire maintenait un certain scepticisme \u00e0 l&#8217;\u00e9gard des actes des juges,<br \/>\njouissant d&#8217;une ind\u00e9pendance r\u00e9elle<br \/>\nCe point de vue a \u00e9t\u00e9 une entrave aux efforts d\u00e9ploy\u00e9s par l\u2019Association grecque pour la d\u00e9mocratie<br \/>\net la libert\u00e9 tout au long de son existence et ayant pour objectif d\u2019attirer un nombre important de<br \/>\nmembres parmi les juges, m\u00eame si elle a r\u00e9ussi a jeter des ponts entre les magistrats desservant les<br \/>\ndiff\u00e9rents secteurs de justice, y compris les magistrats retrait\u00e9s, et cela gr\u00e2ce au principe du<br \/>\npluralisme sur lequel elle est fond\u00e9e en vertu de ses objectifs statutaires, qui lui permettent de s\u2019<br \/>\nexprimer non seulement concernant le cadre \u00e9troit de l&#8217;administration et de rendement de la<br \/>\njustice, mais aussi sur les questions qui pr\u00e9occupent largement l&#8217;opinion publique.<br \/>\nEn vue de ces probl\u00e8mes susmentionn\u00e9s, on pourrait pr\u00e9tendre que l\u2019administration de la justice<br \/>\ndans des palais de justice aux colonnes grecques ainsi que la rationalisation du syst\u00e8me administratif<br \/>\net judiciaire restent pour l&#8217;instant un r\u00eave insaisissable pour la magistrature.<br \/>\nEvi Palaiologou Presidente de l\u2019association Grecque Ath\u00e8nes 23.5.2015<br \/>\nLA SITUATION JUDICIAIRE EN ITALIE.<br \/>\nSince taking up office, the new Prime Minister has announced \u201cepoch &#8211; making reforms\u201d to increase<br \/>\nthe quality and efficiency of justice.<br \/>\nPublicized as a \u00ab watershed \u00bb between the past and the future of the Judiciary, two reforms<br \/>\nconcerning the judges\u2019 and prosecutors\u2019 status have been recently approved.<br \/>\nThe slogan on the government website announced the first reform, adopted to reduce the days off<br \/>\n( Act 162\/2014): \u201c less days off for magistrates: civil justice more efficient\u201d.<br \/>\nLast February, the law on compensation for damage caused in the exercise of judicial functions and<br \/>\nthe civil liability of judges and prosecutors was significantly changed ( Act 18\/2015).<br \/>\nActions for damages are no longer subject to a &#8220;recognition of admissibility&#8221; to be granted by the<br \/>\nCourt upon verification &#8220;prima facie&#8221; of existence of all pre-requisites for the suit (e.g the<br \/>\ninapplicability of any remedy such as appeal or complaints), even though the Italian Constitutional<br \/>\nCourt (judgment no. 468 of 1990), had qualified the \u201cfilter\u201d as an indispensable tool to avoid civil<br \/>\nliability being used to destabilising judges responsible for a case or to either directly or indirectly<br \/>\nattack their independence.<br \/>\nThe reform raises the threshold of economic compensation for the damage, which can be up to half<br \/>\nthe salary of the judge.<br \/>\nJudges\u2019 liability is still \u00ab indirect \u00bb and precluded in relation to the interpretation of provisions of law<br \/>\nand assessment of facts and of the evidence. Nevertheless, the &#8220;misrepresentation of the facts and<br \/>\nevidence\u201d and the \u201cmanifest infringement of law\u201d ( instead of the \u201cserious breach of law resulting<br \/>\nfrom gross negligence\u201d, ) are provided as new cases of liability. These provisions directly involve the<br \/>\njudges\u2019 activity of evaluation and interpretation, that is the essence of judicial activity: courts, facing<br \/>\ndivergent or conflicting arguments, must normally interpret the relevant legal rules in order to<br \/>\nresolve the dispute brought before them, and in almost all appeals to the Supreme Court parties<br \/>\ncontest the &#8220;misrepresentation\u201d of facts or \u201cmisinterpretation\u201d of law.<br \/>\nThe reform was carried out \u00ab in the name of Europe \u00bb. Actually, the EU Court of Justice , in 2006<br \/>\n( Case C-173\/03) and in 2011 ( C -379\/10) ruled that the exclusion of State liability, or the limitation<br \/>\nof State liability to cases of intentional fault or gross negligence, was contrary to the general principle<br \/>\nthat Member States are liable for an infringement of EU law by a court whose decision is not open to<br \/>\nappeal.<br \/>\nPublic statements by institutions representatives emphasized that the new law will \u00ab finally \u00bb make<br \/>\njudges and prosecutors liable, to embody the idea of a reform against the \u00ab privileges \u00bb of<br \/>\n\u00ab magistrates\u2019 caste \u00bb, and new provisions to protect citizens, making \u00ab justice less injust \u00bb.<br \/>\nThe National Association of Magistrates expressed its concerns and critical opinions: as many<br \/>\ncommentators have pointed out, the reform could lead to a \u00ab defensive \u00bb jurisprudence, avoiding<br \/>\nany innovative interpretative effort to protect rights ; the abolition of \u00ab filter \u00bb could turn out to be a<br \/>\ndangerous tool to get rid of an \u00ab uncomfortable \u00bb judge and condition his conduct during the<br \/>\nproceedings.<br \/>\n-Last April, the European Court of Human Rights \u2013 section IV (case Cestaro v. Italy &#8211; application no.<br \/>\n688\/11), ruling on the actions of Italian police officers in Genoa at the end of the G8 summit in July<br \/>\n2001, held that there had been a violation of Article 3 (prohibition of torture and inhuman or<br \/>\ndegrading treatment) of the European Convention on Human Rights on account of ill-treatment<br \/>\nsustained by the applicant when the police stormed the Diaz-Pertini school. According to the ECHR<br \/>\njudgment, there had been a further violation of article 3 because of the Italian criminal legislation<br \/>\nconcerning the punishment of acts of torture which &#8211; despite the obligations resulting from the UN<br \/>\nConvention against the torture, ratified in 1989- is still an ineffective deterrent to prevent the<br \/>\nrepetition of such acts.<br \/>\nThe events occurred during the G8 summit in Genoa represent one of the most painful moments of<br \/>\nthe recent history of the Italian Republic.<br \/>\nThe ECHR judgement has reminded public powers and institutions of their own responsibilities. The<br \/>\nCourt noted that the failure to identify the actual perpetrators of the ill-treatment could not be<br \/>\nimputed to the shortcomings or negligence of the public prosecutor\u2019s office, but to a lack of police<br \/>\ncooperation. On the other hand, the Court observed that the criminal proceedings had not led to any<br \/>\nconvictions for the ill-treatment of the applicant, in particular, as the physical injury offences were<br \/>\ntime-barred, but underlined that the Italian courts have shown an \u201cexemplary firmness\u201d (\u201cune<br \/>\nfermet\u00e9 exemplaire \u201c), rightly appreciating the extraordinary seriousness of the facts.<br \/>\nWhat we need, in Italy as in Europe, is a judiciary system capable of responding with \u201cexemplary<br \/>\nfirmness\u201d to every violation of rights. A system that can reaffirm the principles of equality and<br \/>\nsolidarity compromised by social and economic crisis, and that guarantees the effectiveness of the<br \/>\n\u201cinviolable\u201d rights enshrined in our Constitution and in the Charter of fundamental rights of EU: first<br \/>\nof all, the right of a free and dignified existence for all men and women who risk their life every day<br \/>\nin our seas to flee from tragedies in their countries.<br \/>\nJustice must be able to respond to these expectations of rights and solidarity. The inefficiency of our<br \/>\nsystem, caused by the lack of resources and structural reforms, makes more and more difficult to<br \/>\naccomplish this task.<br \/>\nLast April, in the Milan Court, a judge, a lawyer , and a citizen, were killed, as it had happened a few<br \/>\ndays before in the Istanbul Court, where the Prosecutor Mehmet Selim Kiraz was killed.<br \/>\nThese tragic events, signs of increasing tension towards justice, should be a warning, to remind us<br \/>\nthat the Courts must continue to be and to represent places where rights are protected and where<br \/>\n\u201cJustice shields the man who fights for her\u201d 5.<br \/>\nLA SITUATION JUDICIAIRE EN POLOGNE<br \/>\nIn January, 2014 The Supreme Court, as a full court (four chambers, more than 80 judges) issued a<br \/>\nresolution stating, that the judge may be transferred from court to court only by the Minister of<br \/>\nJustice. This decision can not be taken by the Secretary of State or Sub-Secretary of State<br \/>\n(traditionally called deputy ministers). So the Supreme Court agreed with several hundred Polish<br \/>\njudges, who have been transferred to other courts by the deputy ministers of justice. For a period<br \/>\nabout three months they refused to judge in the new courts, stating that they are not authorised to<br \/>\ndo it, because they were transferred against the law. The dispute was began by the answer of<br \/>\nSupreme Court for the law question in the ordinary case (3 judges), expressing this same view. Due<br \/>\nto the open conflict of judges with the Minister of Justice Marek Biernacki, who along with officials of<br \/>\nthe Ministry would force judges to rule against their conviction, the issue was referred to the<br \/>\ndecision by the full Supreme Court bench. The decision about this way was taken by the First (Main)<br \/>\nPresident of the Supreme Court Stanislaw Dabrowski, who died just a few days before the release of<br \/>\nthis resolution.<br \/>\n5 Aeschylus, The Suppliants.<br \/>\nAfter the resolution the Supreme Court decided, that this interpretation is valid from the date of the<br \/>\nresolution; the different view could make invalid hundreds of thousands of decisions taken by 550<br \/>\nimproperly transferred judges for a period of about a year. The judges returned this time to service.<br \/>\nThe response of the Ministry of Justice was the intensification of the supervision over judges, and the<br \/>\nintroduction of systems having recorded any action taken by the judge in each case, to control the<br \/>\nactivities of judges by their superiors and officials of the Ministry. The actions of judges shall be<br \/>\nrecorded in computer systems by court clerks. Moreover, in the ministry began the work on another<br \/>\nchange of the law of common courts. This change shall to pick up the rest of allowances of bodies<br \/>\ndating from the democratic choices (made by the judges) and to delegate all decisions to the<br \/>\npresidents of courts, appointed by the Minister. It was such another change in the period of last 10<br \/>\nyears, during which time the judge&#8217;s government in Poland has lost almost all powers od selfgoverment.<br \/>\nThe opinions of the National Judiciary Council or judges, including the &#8220;Iustitia&#8221;, were<br \/>\nrejected by the minister. The minister did not lead any interviews with the judges.<br \/>\nIn the spring of 2014, Minister Marek Biernacki was dismissed and he was replaced by Cezary<br \/>\nGrabarczyk, one of the leaders of the ruling party (PO &#8211; Citizen Platform, the party of the new UE<br \/>\nPresident Donald Tusk), professional advocate. He cancelled developed by the predecessor<br \/>\ndangerous draft law ordering obligatory publication in the internet the assets declarations of the<br \/>\njudges (anti-corruption). It would expose judges to danger from criminals, because it revealed their<br \/>\nplace of residence and pointed owned assets. Minister Cezary Grabarczyk also announced the<br \/>\nreappointment of the courts, liquidated from 1 January 2013. by then Justice Minister Jaroslaw<br \/>\nGowin (non-lawyer) against the negative opinions of lawyers of all specialties. The number of<br \/>\nliquidated courts was 79. 34 of them have been newly created from 1 January 2015., from 1 July<br \/>\n2015 will be created another 41, about one court the dispute is continuing, and the last three courts<br \/>\nonly were really too small and their liquidation was not questioned.<br \/>\nMinister Cezary Grabarczyk would continue the work on changes of the law of common courts,<br \/>\nplanned by Marek Biernacki. In this law was a very dangerous change, giving the Minister of Justice<br \/>\nthe right to require at any time the file of every court case (also in progress) and control it. The<br \/>\nminister`s project also gave him the right of inspection of all the documents in the court computer<br \/>\nnetworks, including the testimony of all the witnesses and all the statements by the participants of<br \/>\ncase. This rules were written in the ministry, but from the project were it deleted, and later were it<br \/>\ngiven to one of the MPs from the ruling party with the order to propose this change as a proposal of<br \/>\nthe MP. In this way, the Minister avoided consulting the draft law with the National Judiciary Council<br \/>\nand judges from &#8220;Iustitia&#8221;.<br \/>\nThe law was a project of the government, so it was accepted, because all government projects are in<br \/>\nPolish parliament accepted (the MPs receive from the party leaders the commands, how to vote). In<br \/>\ncontrast, the President od Poland has not signed this bill and sent it to the Constitutional Court.<br \/>\nHowever, he found unconstitutional only the provisions giving the Minister of Justice access to<br \/>\nwitness statements and documents in the case, which violate the principle of protection people&#8217;s<br \/>\nprivacy and exposes them to disclosure sensitive data. The issue of strict subordination of judges to<br \/>\nsuperiors and limiting the judgement independence not interested in the president.<br \/>\nMoreover, in 2014 parliament reduced to 80 % of the remuneration of judges for the period of their<br \/>\nillness. The right to 100 % of salary for the period of illness MPs left now for themselves only (the<br \/>\njudges had this right more then 25 years).<br \/>\nOverall, the situation of the judiciary in Poland continues to deteriorate due to ongoing continuously<br \/>\nsince 2005. ever closer subordination the judificature of executive power.<br \/>\nPresident of \u201eIustitia\u201d, PJA<br \/>\nMaciej Str\u0105czy\u0144ski<br \/>\nLA SITUATION DE LA JUSTICE AU PORTUGAL<br \/>\nHaving been under a financial assistance programme negotiated with the European Union, the<br \/>\nEuropean Central Bank and the International Monetary Fund from May 2011 to May 2014, the<br \/>\njudicial system has suffered some of the effects of it, either from austerity measures imposed or<br \/>\nfrom reforms agreed by the Portuguese government with the so-called Troika.<br \/>\n1. The underfunding of the judicial system<br \/>\nDue to budgetary restrictions that were implemented in all the sectors of public administration, the<br \/>\nunderfunding of the judiciary \u2013 that has been a constant problem for decades \u2013 has increased in a<br \/>\ndramatic way. There is a serious lack of court clerks that compromises seriously the response of the<br \/>\njudicial system, mainly in areas like the enforcement of civil condemnations. This is a problem<br \/>\nrecognized by government officials but the solution is constantly being postponed, with the excuse of<br \/>\nthe lack of means to hire more clerks.<br \/>\n2. The cuts in salaries of judges and prosecutors and the non-existing progression in careers<br \/>\nImplemented since 2011, the cuts in salaries of judges and prosecutors (that were around 20% to<br \/>\n25%, higher than cuts of other public servants) remains in place and has only been softened by an<br \/>\nincrease in the payment level for some of the youngest judges and prosecutors that was put into<br \/>\nforce when the new organization of the judicial system was approved, in September 2014. Salaries<br \/>\nwere cut and the tax burden increased dramatically, leaving many magistrates in a very delicate<br \/>\nsituation. This, added to the fact that all progression in career has been almost completely frozen<br \/>\nsince mid-2006, leads to a huge decrease in the economic condition of all magistrates, seriously<br \/>\nthreatening not only the quality, but also the independence of the judiciary, as it was imposed<br \/>\nunilaterally by the legislative and executive powers.<br \/>\n3. New laws and new judicial organization<br \/>\nSome reforms intended to bring more effectiveness to the judicial system have been approved by the<br \/>\ngovernment and parliament. In September 2013, a new Civil Procedure Code entered into force,<br \/>\naiming to reduce formality in the procedure and this year a new Administrative Procedure Code was<br \/>\napproved and entered into force. The reform that was presented as the more radical was the<br \/>\nchanging of the organization of the judiciary that came to light in September 2014. The former<br \/>\ndivision of the country in more than 300 districts gave place to only 23 districts with a larger area of<br \/>\njurisdiction. Specialization was spread to the whole country, with labour, civil, criminal, family,<br \/>\ncommerce and intellectual property cases attributed to different and specialized courts. Each of the<br \/>\nnew 23 districts has its own president, appointed by the Superior Council, with administrative<br \/>\nfunctions set to improve efficiency. The system is still in the beginning and evaluation of the first<br \/>\nresults, but its implementation revealed the serious lack of resources of the judicial system. The<br \/>\ncomputer system wasn\u2019t ready for the overload that was necessary during the implementation and it<br \/>\nbroke down \u2013 courts were in most parts of Portugal almost completely inactive for almost two<br \/>\nmonths.<br \/>\n4. The independence of the judiciary \u2013 the proposed new statutes of judges and prosecutors<br \/>\nDuring the last year, workgroups composed of judges, members of judges and prosecutors<br \/>\nassociations, representatives of the government and judges and prosecutors appointed by the High<br \/>\nCouncils of Judges and Prosecutors have elaborated drafts of new statutes for judges and<br \/>\nprosecutors. They were presented in the beginning of the year to the Minister of Justice and approval<br \/>\nby the Council of Ministers is pending, for them to be presented to the Parliament to be approved<br \/>\nunder the form of law. They are aimed to establish more guarantees of independence and dignity to<br \/>\nJudges and Prosecutors, not only in the remuneration aspects, but mainly by putting into force rules<br \/>\nfor safeguarding unilateral changes in the statutes by the legislative and executive powers \u2013 the need<br \/>\nfor a qualified majority of 2\/3 of the members of parliament is established in order to prevent<br \/>\nchanges made in the statutes by one single party.<br \/>\nLegislative elections will take place in Portugal in September\/October, so the Parliament will only<br \/>\nremain in function until the end of July. The Minister of Justice has guaranteed that she will take the<br \/>\nprojects to Parliament in time for approval before the elections, but time is running out and until<br \/>\ntoday there are no signs that the approval of the projects by the Council of Ministers will be made<br \/>\nsoon.<br \/>\nAssocia\u00e7\u00e3o Sindical dos Ju\u00edzes Portugueses<br \/>\nMay 2015<br \/>\nLA SITUATION DE LA JUSTICE EN ROUMANIE<br \/>\n1. The legal system modifications.<br \/>\nThe Civil Code, the Civil Procedure Code, the Criminal Code and the Criminal Procedure Code entered<br \/>\ninto force without simultaneously reform of the judiciary and legal system. There are still provisions<br \/>\nuncorrelated with the provisions of the new codes likely to create serious problems in solving the<br \/>\ncases. Also the lack of personnel and facilities within courts, makes, in some respects, impossible the<br \/>\nimplementation of the new codes. The system is underfinanced and there is no political will to<br \/>\nchange that.<br \/>\nThe Civil Procedure Code entered into force on 15 February 2013, and although it has been more<br \/>\nthan two years from this date, there are still provisions that cannot be implemented because in<br \/>\ncourts does not exist the necessary facilities. In this respect we recall the provisions relating to<br \/>\nhearing cases in \u201ccouncil chamber\u201d, whose entry into force was initially postponed until 2016, and<br \/>\nnow, apparently, the provisions will be further delayed, due to the lack of necessary spaces in courts.<br \/>\nAlthough the entry into force of the new Civil Procedure Code was intended to shorten the<br \/>\nsettlement of cases it is found that the effect is contrary. The new code involves an extensive<br \/>\nadministrative procedure and the lack of a sufficient number of clerks \/ administrative staff, properly<br \/>\ntrained, which could take over some of the administrative duties of the judges has a negative<br \/>\ninfluence on the duration of settlement process.<br \/>\nThe new Criminal and Criminal Procedural Codes came into force in 2014 and their immediate<br \/>\napplication generated a non-unitary practice given the fundamental changes brought to the main<br \/>\nintuitions as well as the legislative incoherence.<br \/>\nThe mechanism created for the practice unification \u2013 a preliminary ruling by the High Court of<br \/>\nCassation and Justice \u2013 was not sufficient for removing this shortcoming, because this procedure is<br \/>\nnot governed by celerity and the High Court rules only on the merits leaving some important<br \/>\nprocedural aspects to be dealt differently by courts.<br \/>\nRegarding the new criminal codes it is important to state that there is a vast jurisprudence of the<br \/>\nConstitutional Court by which many provisions of the criminal code and especially the Criminal<br \/>\nProcedure Code have been declared unconstitutional.<br \/>\n2. The independence of the judiciary.<br \/>\nThe activity of the prosecutors intensified lately, especially in terms of fighting corruption<br \/>\nbut, in the stage of criminal prosecution (the non-public phase of the criminal process) a lot of<br \/>\nimportant information from the investigated cases reached the press. Important details of criminal<br \/>\ncases are therefore debated in the media before reaching the judges&#8217; table.<br \/>\nThe entrance in force of the new criminal codes led to an avalanche of arrests and<br \/>\nregistration of new criminal cases on the basis of the denunciations made by persons deprived of<br \/>\ntheir liberty, because the new provisions established, initially, that the denounce is a cause of<br \/>\nimpunity. The demands for the arrest warrants and the denunciations were made public and<br \/>\ngenerated a debate likely to prejudice the image of justice.<br \/>\nThe image of justice was affected by the publication of the National Anticorruption Directorates<br \/>\nactivity report on 2014 in which, in Annex 3 &#8211; Presentation of the final acquittals in 2014 &#8211; is analyzed<br \/>\nthe content of the judgments of acquittal and are made assessments on compliance of these<br \/>\ndecisions with the administrated evidence or even with the law.<br \/>\nAlthough informed by the professional associations of judges, regarding the analyses made<br \/>\nby the DNA in the activity report, the Superior Council of the Magistracy had no reaction. The Plenary<br \/>\nof the SCM sent the complaints to one of its commissions, and, after discussions, the Commission<br \/>\ntook note that DNA has assumed the comments made by associations and appreciated that in the<br \/>\npublic space should not to be expressed criticism regarding the legality or the merits of the final<br \/>\njudicial decisions.<br \/>\nAlso, lately, the former Romanian president, repeatedly, stated that among magistrates are<br \/>\nunder covered agents. On the same theme the director of the Legal Division of the Romanian<br \/>\nInformation Service said that the courts have become the \u201ctactical fields\u201d for the intelligence<br \/>\noperations.<br \/>\nAccording to the legal frame of the judiciary the judges and prosecutors have the obligation<br \/>\nto make an annual affidavit, under the penalty of perjury within the meaning that they are not<br \/>\noperative workers, including undercover, informants or collaborators of the secret services,<br \/>\nstatements that should be checked by Supreme Council of National Defense. So far there is no<br \/>\nevidence showing that such checks were made and which was their result. In these conditions the<br \/>\nlaw is applied strictly in a formal manner and the consequences are reflected on the entire judiciary,<br \/>\nthrough the erosion of citizen confidence in an independent and impartial act of justice.<br \/>\nJudge Natalia Roman<br \/>\nPresident of the National Union of Judges in Romania<br \/>\nLA SITUATION DE LA JUSTICE EN SERBIE<br \/>\nSerbian judicial system has been deeply destabilized in 2009\/2010. In December 2009, more than 1\/3<br \/>\nmagistrates (more than 830 judges and 220 prosecutors) had been dismissed without transparent<br \/>\nand contradictory procedure and without any reason. As from 2010 the organization of the judiciary<br \/>\n(seats and territorial jurisdictions of courts and public prosecutor&#8217;s offices) was changed (the number<br \/>\nof basic courts was reduced from 138 to 34).<br \/>\n1. Permanent reform activities \u2013 destabilization of system<br \/>\nTill the end of 2012 all of dismissed magistrates who wanted it, have been reinstated (630 judges and<br \/>\nmore than 100 prosecutors). As from the 2014 the number of basic courts increased to 66.<br \/>\nSeveral dozens of laws have been changed (on organization of the judiciary, on courts\u2019 jurisdiction;<br \/>\non procedures \u2013 civil, criminal; numerous substantive laws) \u2013 for example, up till now, Law on Judges<br \/>\n(2008) has been amended 10 times, Law on Organisation of Courts (2008) &#8211; 6 times, Civil Procedure<br \/>\nCode (2011) &#8211; 4 times, Law on Enforcement ( 2011) \u2013 4 times, and the new one is in the<br \/>\nparliamentary procedure for adoption, Law on privatization (2001) 11 times (3 times in 2014), while<br \/>\nthe new one was passed in 2014; Law on Bankruptcy Proceedings (2004) was amended in 2005, and<br \/>\nreplaced by the new one in 2009, which was later on amended 3 times; Law on Restructuring,<br \/>\nBankruptcy and Liquidation of Banks (1990) 6 times, later (2005) replaced by new one, which was<br \/>\namended 2 times. Criminal Code (2005) was corrected and amended in that very year, and amended<br \/>\n7 times. Criminal Procedure Code (2001) was amended 9 times until 2010; second Criminal<br \/>\nProcedure Code (2006) although it has never been enforced, was amended in 2007 and 2008, and<br \/>\nthe actual Criminal Procedure Code (2011) had been amended even before its implementation began<br \/>\n(in 2011) and has been amended 5 times.<br \/>\nThe 2013\/2018 National judicial reform strategy was adopted. Serbia is in the process of the<br \/>\nnegotiations for the EU accession and in process of drafting Chapter 23 Action Plan. All that demands<br \/>\nthe harmonization of the laws with EU legal system.<br \/>\nThe reform\u2019s measures of judicial system that has been undertaken so far were not adequate for<br \/>\nsolving the problem they addressed to and failed to fully stabilize the system. The planned activities<br \/>\n(time frames, priorities, articulations of the activities) do not fully meet the solutions.<br \/>\n2. Failure in functioning of High Judicial Council<br \/>\nDuring past years High Judicial Council failed in its role both as safeguard of the independence of<br \/>\njudges and courts and as manager of the judicial system and enabled executives to put huge<br \/>\ninfluence at its functioning.<br \/>\n3. Evaluation of judges work &#8211; based \u201ccult of statistics\u201d<br \/>\nThe evaluation is not yet in function (the beginning of the evaluation is foreseen for 1.7.2015); the<br \/>\nbylaw on evaluation is based \u201ccult of statistics\u201d, quantity and rapidity which decreases the quality of<br \/>\nthe judges \u2018work.<br \/>\n4. Unequal burdening of judges and courts &#8211; Unequal access to justice<br \/>\nThe judges, especially in civil cases, are over burdened. For example:<br \/>\nnumber of civil and commercial litigious cases per 100.000 inhabitants in 2012<br \/>\nstate<br \/>\nnumber of cases<br \/>\nat the beggining<br \/>\nof 2012.<br \/>\n2012.<br \/>\nin flow<br \/>\nnumber of<br \/>\nresolved cases in<br \/>\n2012.<br \/>\nclearance rate<br \/>\nSerbia 2.990 3.214 3.727 116%<br \/>\nAustria 468 1.235 1.242 100,6%<br \/>\nCzech Republik 1.590 3.457 3.415 98,8%<br \/>\nFrance 2.143 2.575 2.555 99,2%<br \/>\nGermany 995 1.961 1.968 100,4%<br \/>\nPoland 993 2.771 2.451 88,5%<br \/>\nWorkload of judges differs from court to court. In some basic courts, there are 400-500 criminal<br \/>\ncases per one judge, and in some other courts one judge has 100 cases or less; the similar situation is<br \/>\nwith civil litigious cases. In some higher courts, in second instance, one judge deals with 700-1200<br \/>\ncases, and in other of such courts with 100-15 cases.<br \/>\nSuch situation causes resolving of the similar cases in different timeframe depending on workload of<br \/>\njudge and results in unequal access of citizens to justice, depending of the cities they are living in.<br \/>\n5. Continuous training needed<br \/>\nLack of continuous training of judges, together with frequent changes of laws and reduced<br \/>\njurisdiction of the Supreme court of cassation, causes unharmonised case law.<br \/>\n6. Cuts of judges salaries for 10%<br \/>\nThe salary of the judge of the basic court is less than 800 Euros, and judge of appellate court around<br \/>\n1000 Euros (average salary in Serbia is 350 Euros).<br \/>\n7. Problems with judges from Kosovo and Metohija<br \/>\nIn order to fully implement 2013 Brussels agreement, judges of the Republic of Serbia are invited to<br \/>\napply for the posts in the judicial system other then Serbian (of Kosovo) \u2013 which jeopardize their<br \/>\nSerbian citizenship, permanency of their tenure, their personal security due the fact that the<br \/>\nsafeguard of no transferability of judges does not exist in Kosovo, as well as their social insurance (no<br \/>\npension higher of 90 Euro in Kosovo).<br \/>\nLA SITUATION DE LA JUSTICE EN REPUBLIQUE TCHEQUE<br \/>\nThe Judiciary of the Czech Republic is set out in Constitution, which defines courts as<br \/>\nindependent institutions within the traditional framework of checks and balances. The whole of<br \/>\nChapter Four of the Constitution of the Czech Republic is dedicated to defining the role of the judicial<br \/>\npower in the Czech Republic. The basic regulation of the judicial function is provided by Act no.<br \/>\n6\/2002 Coll., Courts, Judges, Lay-judges and the State Administration of Courts Act (the Judges Act<br \/>\n2002).<br \/>\nThere are three distinct jurisdictions: courts of general jurisdiction, administrative courts and<br \/>\nthe Constitutional Court. The two latter are specialised jurisdictions \u2013 their competence must be<br \/>\nexpressly provided for in law. If no such provision exists, the matter will be dealt with by the courts of<br \/>\ngeneral jurisdiction (civil courts). The majority of higher courts are seated in Brno, so as to provide a<br \/>\ncounterbalance to the concentration of power in the capital (Prague).<br \/>\nThere is no trial by jury. There is, however, the laic participation in the administration of<br \/>\njustice in the form of laypersons sitting as judges in chambers, hearing cases first hand. Laypersons<br \/>\nare elected by local councils. Two lay judges sit with a professional judge, hearing non-specialised<br \/>\ncases first hand. Appellate and Supreme courts\u00b4 chambers are composed of professional judges only.<br \/>\nThe Czech Republic has a system of career judiciary; this system has, however, been modified<br \/>\nby the requirement of 30 years of age for new judges. The candidates are chosen in the previously<br \/>\nadvertised competition. The judges are appointed by the President of the Republic and normally may<br \/>\nnot be recalled or transferred without their will. Judges are appointed for life and can be only<br \/>\nremoved following disciplinary proceedings conducted by The Supreme Administrative Court<br \/>\n(disciplinary chambres). There is one instance disciplinary proceeding.<br \/>\nThe state administration of courts has repeatedly been criticised on international as well as<br \/>\ndomestic forum. The Ministry of Justice administers the high courts, regional courts and district<br \/>\ncourts within the scope of Act No 6\/2002, either directly or through the Presidents of the courts; the<br \/>\ndistrict courts may also be administered by the Ministry of Justice through the Presidents of the<br \/>\nregional courts. The state administration of the courts involves such crucial elements as the courts\u00b4<br \/>\nbudgeting or the appointment of presidents and vice-presidents of the courts.<br \/>\nThe selection process, appointment of judges and their promotion to the higher courts have<br \/>\nbeen widely discussed over the years. A solution, that would fit best, seems to be the<br \/>\nimplementation of a Supreme Judicial Council as a body with competence in the processes described<br \/>\nabove. The creation of such a body is a topical and continuous point of discussion between the<br \/>\ngovernment and the representatives of the judiciary in the Czech Republic.<br \/>\nCzech Union of Judges<br \/>\nSITUATION EN JUSTICE TURQUIE<br \/>\n05.05.2015<br \/>\nMain problem of Turkey is the fact that executive and legislative power has been<br \/>\naccumulated in the hands of Recep Tayyip Erdo\u011fan (President). Wielding unchecked and unbalanced<br \/>\nlegislative and executive power, he has become more authoritarian and he has created \u201cone-man<br \/>\nrule\u201d in Turkey through repressive laws enacted while he was prime minister. All state bodies and<br \/>\nsupervisory institutions rendered unfunctional including judiciary.<br \/>\nIncumbent party reshaped the whole judiciary in a year and a half after major corruption<br \/>\ninvestigations revealed.<br \/>\nJudiciary is controlled by High Council of Judges and Prosecutors in Turkey, membership<br \/>\nelection of which was held on October 2014 and government backed list won 15 seats total out of 22<br \/>\nthus government in direct control of it.<br \/>\nAfter HCJP members selected, government enacted new legislation added eight new<br \/>\nchambers to the Supreme Court of Appeals and two new chambers to the Council of State.<br \/>\nConsequently newly designed High Judicial Council assigned 144 new members to the Supreme Court<br \/>\nof Appeals and 39 members to the Council of State. Now both the local courts and the higher<br \/>\njudiciary are being subordinated to the government. The government established tutelage over the<br \/>\njudiciary by assigning many pro-government jurists to newly created chambers in top judicial bodies.<br \/>\nGovernment now uses HCJP to steer any case towards desired direction by, for example<br \/>\nreassigning local judges and prosecutors to other positions so as to change the outcome of an<br \/>\nimportant case.<br \/>\nIn 2014, government changed Turkish Penal Code and Code of Criminal Procedure to create<br \/>\nits own special criminal judicial system which is being used against all dissidents to silence them. This<br \/>\nnew courts and criminal procedure code allow government to apply pre-trial detention and arrest<br \/>\nmeasures arbitrarily which are used as a punishment tool for all dissidents, opponents and critics.<br \/>\nNewly created \u201cPenal Magistracy of Peace\u201d and \u201cSpecially Authorized High Criminal Courts<br \/>\nfor Crimes against Constitutional Order\u201d are pro-arrest and prone to become government tool to<br \/>\nsilence dissidents,<br \/>\nThese special courts have extensive powers to take all decisions related to the conduct of<br \/>\ncriminal investigations, such as detention, arrest, release and seizure of property. There is a closedcircuit<br \/>\nsystem in appeal process contrary to fair trial principles.<br \/>\nPresently corruption investigations are dropped, prosecutors who dealt with these<br \/>\ninvestigations are referred to newly elected HCJP to be barred from profession and at the same time<br \/>\nthey put on trial for investigating corruption facing jail sentences for years.<br \/>\nGraver than all these, on 30 April 2015, two judge were arrested by a High Criminal Court<br \/>\nbecause of release orders that they issued. In modern Turkish State history this is the first time<br \/>\njudges are arrested because of their judgment and for professional judicial activity.<br \/>\nPreviously judges and prosecutors were intimidated by measures such as removal,<br \/>\nrelocation, demotion or disciplinary actions. Now detention and arrest are used against judges or<br \/>\nprosecutors who deal with crucial cases.<br \/>\nDozens of people, including journalists, activists and even high school students, have been<br \/>\nprosecuted on the basis of insulting the President. Penal Magistracy Courts ban Twitter accounts and<br \/>\nremove tweets posted by dozens of users. Journalists are sued even for writing tweets that are<br \/>\ncritical of President or the government.<br \/>\nMurat Durmaz<br \/>\nAdministrative Judge<br \/>\nYARSAV Board Member Responsible for International Relations<\/p>\n","protected":false},"excerpt":{"rendered":"<p>SITUATION DE LA JUSTICE EN ALLEMAGNE 1. La R\u00e9publique F\u00e9d\u00e9rale Allemande se comprend comme un \u00e9tat de droit d\u00e9mocratique et social (Art. 20 de la constitution, Grundgesetz (GG), Loi Fondamentale). L\u2019acc\u00e8s \u00e0 la justice, aux juges, auxquels le pouvoir de rendre la justice est confi\u00e9e (Art. 92), est garanti par la constitution (Art. 19 alin\u00e9a [&hellip;]<\/p>\n","protected":false},"author":1,"featured_media":3714,"comment_status":"closed","ping_status":"closed","sticky":false,"template":"","format":"standard","meta":{"footnotes":""},"categories":[48],"tags":[],"class_list":["post-3944","post","type-post","status-publish","format-standard","has-post-thumbnail","hentry","category-articles"],"yoast_head":"<!-- This site is optimized with the Yoast SEO plugin v20.9 - https:\/\/yoast.com\/wordpress\/plugins\/seo\/ -->\n<title>RAPPORTS SUR LA SITUATION DE LA JUSTICE PAR LES ORGANISATIONS MEMBRES DE MEDEL - \u0395\u03c4\u03b1\u03b9\u03c1\u03af\u03b1 \u0395\u03bb\u03bb\u03ae\u03bd\u03c9\u03bd \u0394\u03b9\u03ba\u03b1\u03c3\u03c4\u03b9\u03ba\u03ce\u03bd \u039b\u03b5\u03b9\u03c4\u03bf\u03c5\u03c1\u03b3\u03ce\u03bd<\/title>\n<meta name=\"robots\" content=\"index, follow, max-snippet:-1, max-image-preview:large, max-video-preview:-1\" \/>\n<link rel=\"canonical\" href=\"https:\/\/eedd.gr\/en\/rapports-sur-la-situation-de-la-justice-par-les-organisations-membres-de-medel\/\" \/>\n<meta property=\"og:locale\" content=\"en_US\" \/>\n<meta property=\"og:type\" content=\"article\" \/>\n<meta property=\"og:title\" content=\"RAPPORTS SUR LA SITUATION DE LA JUSTICE PAR LES ORGANISATIONS MEMBRES DE MEDEL - \u0395\u03c4\u03b1\u03b9\u03c1\u03af\u03b1 \u0395\u03bb\u03bb\u03ae\u03bd\u03c9\u03bd \u0394\u03b9\u03ba\u03b1\u03c3\u03c4\u03b9\u03ba\u03ce\u03bd \u039b\u03b5\u03b9\u03c4\u03bf\u03c5\u03c1\u03b3\u03ce\u03bd\" \/>\n<meta property=\"og:description\" content=\"SITUATION DE LA JUSTICE EN ALLEMAGNE 1. La R\u00e9publique F\u00e9d\u00e9rale Allemande se comprend comme un \u00e9tat de droit d\u00e9mocratique et social (Art. 20 de la constitution, Grundgesetz (GG), Loi Fondamentale). L\u2019acc\u00e8s \u00e0 la justice, aux juges, auxquels le pouvoir de rendre la justice est confi\u00e9e (Art. 92), est garanti par la constitution (Art. 19 alin\u00e9a [&hellip;]\" \/>\n<meta property=\"og:url\" content=\"https:\/\/eedd.gr\/en\/rapports-sur-la-situation-de-la-justice-par-les-organisations-membres-de-medel\/\" \/>\n<meta property=\"og:site_name\" content=\"\u0395\u03c4\u03b1\u03b9\u03c1\u03af\u03b1 \u0395\u03bb\u03bb\u03ae\u03bd\u03c9\u03bd \u0394\u03b9\u03ba\u03b1\u03c3\u03c4\u03b9\u03ba\u03ce\u03bd \u039b\u03b5\u03b9\u03c4\u03bf\u03c5\u03c1\u03b3\u03ce\u03bd\" \/>\n<meta property=\"article:published_time\" content=\"2017-02-14T11:14:09+00:00\" \/>\n<meta property=\"article:modified_time\" content=\"2023-06-29T11:14:58+00:00\" \/>\n<meta property=\"og:image\" content=\"https:\/\/eedd.gr\/wp-content\/uploads\/2023\/06\/66.png\" \/>\n\t<meta property=\"og:image:width\" content=\"710\" \/>\n\t<meta property=\"og:image:height\" content=\"184\" \/>\n\t<meta property=\"og:image:type\" content=\"image\/png\" \/>\n<meta name=\"author\" content=\"admin\" \/>\n<meta name=\"twitter:card\" content=\"summary_large_image\" \/>\n<meta name=\"twitter:label1\" content=\"Written by\" \/>\n\t<meta name=\"twitter:data1\" content=\"admin\" \/>\n\t<meta name=\"twitter:label2\" content=\"Est. reading time\" \/>\n\t<meta name=\"twitter:data2\" content=\"53 minutes\" \/>\n<script type=\"application\/ld+json\" class=\"yoast-schema-graph\">{\"@context\":\"https:\/\/schema.org\",\"@graph\":[{\"@type\":\"Article\",\"@id\":\"https:\/\/eedd.gr\/en\/rapports-sur-la-situation-de-la-justice-par-les-organisations-membres-de-medel\/#article\",\"isPartOf\":{\"@id\":\"https:\/\/eedd.gr\/en\/rapports-sur-la-situation-de-la-justice-par-les-organisations-membres-de-medel\/\"},\"author\":{\"name\":\"admin\",\"@id\":\"https:\/\/eedd.gr\/en\/#\/schema\/person\/a527c57fe552fa716cd3365f2874f77a\"},\"headline\":\"RAPPORTS SUR LA SITUATION DE LA JUSTICE PAR LES ORGANISATIONS MEMBRES DE MEDEL\",\"datePublished\":\"2017-02-14T11:14:09+00:00\",\"dateModified\":\"2023-06-29T11:14:58+00:00\",\"mainEntityOfPage\":{\"@id\":\"https:\/\/eedd.gr\/en\/rapports-sur-la-situation-de-la-justice-par-les-organisations-membres-de-medel\/\"},\"wordCount\":9925,\"publisher\":{\"@id\":\"https:\/\/eedd.gr\/en\/#organization\"},\"articleSection\":[\"Articles\"],\"inLanguage\":\"en-US\"},{\"@type\":\"WebPage\",\"@id\":\"https:\/\/eedd.gr\/en\/rapports-sur-la-situation-de-la-justice-par-les-organisations-membres-de-medel\/\",\"url\":\"https:\/\/eedd.gr\/en\/rapports-sur-la-situation-de-la-justice-par-les-organisations-membres-de-medel\/\",\"name\":\"RAPPORTS SUR LA SITUATION DE LA JUSTICE PAR LES ORGANISATIONS MEMBRES DE MEDEL - \u0395\u03c4\u03b1\u03b9\u03c1\u03af\u03b1 \u0395\u03bb\u03bb\u03ae\u03bd\u03c9\u03bd \u0394\u03b9\u03ba\u03b1\u03c3\u03c4\u03b9\u03ba\u03ce\u03bd \u039b\u03b5\u03b9\u03c4\u03bf\u03c5\u03c1\u03b3\u03ce\u03bd\",\"isPartOf\":{\"@id\":\"https:\/\/eedd.gr\/en\/#website\"},\"datePublished\":\"2017-02-14T11:14:09+00:00\",\"dateModified\":\"2023-06-29T11:14:58+00:00\",\"breadcrumb\":{\"@id\":\"https:\/\/eedd.gr\/en\/rapports-sur-la-situation-de-la-justice-par-les-organisations-membres-de-medel\/#breadcrumb\"},\"inLanguage\":\"en-US\",\"potentialAction\":[{\"@type\":\"ReadAction\",\"target\":[\"https:\/\/eedd.gr\/en\/rapports-sur-la-situation-de-la-justice-par-les-organisations-membres-de-medel\/\"]}]},{\"@type\":\"BreadcrumbList\",\"@id\":\"https:\/\/eedd.gr\/en\/rapports-sur-la-situation-de-la-justice-par-les-organisations-membres-de-medel\/#breadcrumb\",\"itemListElement\":[{\"@type\":\"ListItem\",\"position\":1,\"name\":\"\u0391\u03c1\u03c7\u03b9\u03ba\u03ae\",\"item\":\"https:\/\/eedd.gr\/en\/\"},{\"@type\":\"ListItem\",\"position\":2,\"name\":\"RAPPORTS SUR LA SITUATION DE LA JUSTICE PAR LES ORGANISATIONS MEMBRES DE MEDEL\"}]},{\"@type\":\"WebSite\",\"@id\":\"https:\/\/eedd.gr\/en\/#website\",\"url\":\"https:\/\/eedd.gr\/en\/\",\"name\":\"\u0395\u03c4\u03b1\u03b9\u03c1\u03af\u03b1 \u0395\u03bb\u03bb\u03ae\u03bd\u03c9\u03bd \u0394\u03b9\u03ba\u03b1\u03c3\u03c4\u03b9\u03ba\u03ce\u03bd \u039b\u03b5\u03b9\u03c4\u03bf\u03c5\u03c1\u03b3\u03ce\u03bd\",\"description\":\"\u03b3\u03b9\u03b1 \u03c4\u03b7 \u0394\u03b7\u03bc\u03bf\u03ba\u03c1\u03b1\u03c4\u03af\u03b1 \u03ba\u03b1\u03b9 \u03c4\u03b9\u03c2 \u0395\u03bb\u03b5\u03c5\u03b8\u03b5\u03c1\u03af\u03b5\u03c2\",\"publisher\":{\"@id\":\"https:\/\/eedd.gr\/en\/#organization\"},\"potentialAction\":[{\"@type\":\"SearchAction\",\"target\":{\"@type\":\"EntryPoint\",\"urlTemplate\":\"https:\/\/eedd.gr\/en\/?s={search_term_string}\"},\"query-input\":\"required name=search_term_string\"}],\"inLanguage\":\"en-US\"},{\"@type\":\"Organization\",\"@id\":\"https:\/\/eedd.gr\/en\/#organization\",\"name\":\"\u0395\u03c4\u03b1\u03b9\u03c1\u03af\u03b1 \u0395\u03bb\u03bb\u03ae\u03bd\u03c9\u03bd \u0394\u03b9\u03ba\u03b1\u03c3\u03c4\u03b9\u03ba\u03ce\u03bd \u039b\u03b5\u03b9\u03c4\u03bf\u03c5\u03c1\u03b3\u03ce\u03bd\",\"url\":\"https:\/\/eedd.gr\/en\/\",\"logo\":{\"@type\":\"ImageObject\",\"inLanguage\":\"en-US\",\"@id\":\"https:\/\/eedd.gr\/en\/#\/schema\/logo\/image\/\",\"url\":\"https:\/\/eedd.gr\/wp-content\/uploads\/2023\/06\/4234234.png\",\"contentUrl\":\"https:\/\/eedd.gr\/wp-content\/uploads\/2023\/06\/4234234.png\",\"width\":339,\"height\":358,\"caption\":\"\u0395\u03c4\u03b1\u03b9\u03c1\u03af\u03b1 \u0395\u03bb\u03bb\u03ae\u03bd\u03c9\u03bd \u0394\u03b9\u03ba\u03b1\u03c3\u03c4\u03b9\u03ba\u03ce\u03bd \u039b\u03b5\u03b9\u03c4\u03bf\u03c5\u03c1\u03b3\u03ce\u03bd\"},\"image\":{\"@id\":\"https:\/\/eedd.gr\/en\/#\/schema\/logo\/image\/\"}},{\"@type\":\"Person\",\"@id\":\"https:\/\/eedd.gr\/en\/#\/schema\/person\/a527c57fe552fa716cd3365f2874f77a\",\"name\":\"admin\",\"image\":{\"@type\":\"ImageObject\",\"inLanguage\":\"en-US\",\"@id\":\"https:\/\/eedd.gr\/en\/#\/schema\/person\/image\/\",\"url\":\"https:\/\/secure.gravatar.com\/avatar\/7b0caadc06e6492a94032c8e2645eef25994c1e4a61f4456466ada40344bea51?s=96&d=mm&r=g\",\"contentUrl\":\"https:\/\/secure.gravatar.com\/avatar\/7b0caadc06e6492a94032c8e2645eef25994c1e4a61f4456466ada40344bea51?s=96&d=mm&r=g\",\"caption\":\"admin\"},\"sameAs\":[\"http:\/\/eedd.gr\"],\"url\":\"https:\/\/eedd.gr\/en\/author\/admin\/\"}]}<\/script>\n<!-- \/ Yoast SEO plugin. -->","yoast_head_json":{"title":"RAPPORTS SUR LA SITUATION DE LA JUSTICE PAR LES ORGANISATIONS MEMBRES DE MEDEL - \u0395\u03c4\u03b1\u03b9\u03c1\u03af\u03b1 \u0395\u03bb\u03bb\u03ae\u03bd\u03c9\u03bd \u0394\u03b9\u03ba\u03b1\u03c3\u03c4\u03b9\u03ba\u03ce\u03bd \u039b\u03b5\u03b9\u03c4\u03bf\u03c5\u03c1\u03b3\u03ce\u03bd","robots":{"index":"index","follow":"follow","max-snippet":"max-snippet:-1","max-image-preview":"max-image-preview:large","max-video-preview":"max-video-preview:-1"},"canonical":"https:\/\/eedd.gr\/en\/rapports-sur-la-situation-de-la-justice-par-les-organisations-membres-de-medel\/","og_locale":"en_US","og_type":"article","og_title":"RAPPORTS SUR LA SITUATION DE LA JUSTICE PAR LES ORGANISATIONS MEMBRES DE MEDEL - \u0395\u03c4\u03b1\u03b9\u03c1\u03af\u03b1 \u0395\u03bb\u03bb\u03ae\u03bd\u03c9\u03bd \u0394\u03b9\u03ba\u03b1\u03c3\u03c4\u03b9\u03ba\u03ce\u03bd \u039b\u03b5\u03b9\u03c4\u03bf\u03c5\u03c1\u03b3\u03ce\u03bd","og_description":"SITUATION DE LA JUSTICE EN ALLEMAGNE 1. La R\u00e9publique F\u00e9d\u00e9rale Allemande se comprend comme un \u00e9tat de droit d\u00e9mocratique et social (Art. 20 de la constitution, Grundgesetz (GG), Loi Fondamentale). L\u2019acc\u00e8s \u00e0 la justice, aux juges, auxquels le pouvoir de rendre la justice est confi\u00e9e (Art. 92), est garanti par la constitution (Art. 19 alin\u00e9a [&hellip;]","og_url":"https:\/\/eedd.gr\/en\/rapports-sur-la-situation-de-la-justice-par-les-organisations-membres-de-medel\/","og_site_name":"\u0395\u03c4\u03b1\u03b9\u03c1\u03af\u03b1 \u0395\u03bb\u03bb\u03ae\u03bd\u03c9\u03bd \u0394\u03b9\u03ba\u03b1\u03c3\u03c4\u03b9\u03ba\u03ce\u03bd \u039b\u03b5\u03b9\u03c4\u03bf\u03c5\u03c1\u03b3\u03ce\u03bd","article_published_time":"2017-02-14T11:14:09+00:00","article_modified_time":"2023-06-29T11:14:58+00:00","og_image":[{"width":710,"height":184,"url":"https:\/\/eedd.gr\/wp-content\/uploads\/2023\/06\/66.png","type":"image\/png"}],"author":"admin","twitter_card":"summary_large_image","twitter_misc":{"Written by":"admin","Est. reading time":"53 minutes"},"schema":{"@context":"https:\/\/schema.org","@graph":[{"@type":"Article","@id":"https:\/\/eedd.gr\/en\/rapports-sur-la-situation-de-la-justice-par-les-organisations-membres-de-medel\/#article","isPartOf":{"@id":"https:\/\/eedd.gr\/en\/rapports-sur-la-situation-de-la-justice-par-les-organisations-membres-de-medel\/"},"author":{"name":"admin","@id":"https:\/\/eedd.gr\/en\/#\/schema\/person\/a527c57fe552fa716cd3365f2874f77a"},"headline":"RAPPORTS SUR LA SITUATION DE LA JUSTICE PAR LES ORGANISATIONS MEMBRES DE MEDEL","datePublished":"2017-02-14T11:14:09+00:00","dateModified":"2023-06-29T11:14:58+00:00","mainEntityOfPage":{"@id":"https:\/\/eedd.gr\/en\/rapports-sur-la-situation-de-la-justice-par-les-organisations-membres-de-medel\/"},"wordCount":9925,"publisher":{"@id":"https:\/\/eedd.gr\/en\/#organization"},"articleSection":["Articles"],"inLanguage":"en-US"},{"@type":"WebPage","@id":"https:\/\/eedd.gr\/en\/rapports-sur-la-situation-de-la-justice-par-les-organisations-membres-de-medel\/","url":"https:\/\/eedd.gr\/en\/rapports-sur-la-situation-de-la-justice-par-les-organisations-membres-de-medel\/","name":"RAPPORTS SUR LA SITUATION DE LA JUSTICE PAR LES ORGANISATIONS MEMBRES DE MEDEL - \u0395\u03c4\u03b1\u03b9\u03c1\u03af\u03b1 \u0395\u03bb\u03bb\u03ae\u03bd\u03c9\u03bd \u0394\u03b9\u03ba\u03b1\u03c3\u03c4\u03b9\u03ba\u03ce\u03bd \u039b\u03b5\u03b9\u03c4\u03bf\u03c5\u03c1\u03b3\u03ce\u03bd","isPartOf":{"@id":"https:\/\/eedd.gr\/en\/#website"},"datePublished":"2017-02-14T11:14:09+00:00","dateModified":"2023-06-29T11:14:58+00:00","breadcrumb":{"@id":"https:\/\/eedd.gr\/en\/rapports-sur-la-situation-de-la-justice-par-les-organisations-membres-de-medel\/#breadcrumb"},"inLanguage":"en-US","potentialAction":[{"@type":"ReadAction","target":["https:\/\/eedd.gr\/en\/rapports-sur-la-situation-de-la-justice-par-les-organisations-membres-de-medel\/"]}]},{"@type":"BreadcrumbList","@id":"https:\/\/eedd.gr\/en\/rapports-sur-la-situation-de-la-justice-par-les-organisations-membres-de-medel\/#breadcrumb","itemListElement":[{"@type":"ListItem","position":1,"name":"\u0391\u03c1\u03c7\u03b9\u03ba\u03ae","item":"https:\/\/eedd.gr\/en\/"},{"@type":"ListItem","position":2,"name":"RAPPORTS SUR LA SITUATION DE LA JUSTICE PAR LES ORGANISATIONS MEMBRES DE MEDEL"}]},{"@type":"WebSite","@id":"https:\/\/eedd.gr\/en\/#website","url":"https:\/\/eedd.gr\/en\/","name":"\u0395\u03c4\u03b1\u03b9\u03c1\u03af\u03b1 \u0395\u03bb\u03bb\u03ae\u03bd\u03c9\u03bd \u0394\u03b9\u03ba\u03b1\u03c3\u03c4\u03b9\u03ba\u03ce\u03bd \u039b\u03b5\u03b9\u03c4\u03bf\u03c5\u03c1\u03b3\u03ce\u03bd","description":"\u03b3\u03b9\u03b1 \u03c4\u03b7 \u0394\u03b7\u03bc\u03bf\u03ba\u03c1\u03b1\u03c4\u03af\u03b1 \u03ba\u03b1\u03b9 \u03c4\u03b9\u03c2 \u0395\u03bb\u03b5\u03c5\u03b8\u03b5\u03c1\u03af\u03b5\u03c2","publisher":{"@id":"https:\/\/eedd.gr\/en\/#organization"},"potentialAction":[{"@type":"SearchAction","target":{"@type":"EntryPoint","urlTemplate":"https:\/\/eedd.gr\/en\/?s={search_term_string}"},"query-input":"required name=search_term_string"}],"inLanguage":"en-US"},{"@type":"Organization","@id":"https:\/\/eedd.gr\/en\/#organization","name":"\u0395\u03c4\u03b1\u03b9\u03c1\u03af\u03b1 \u0395\u03bb\u03bb\u03ae\u03bd\u03c9\u03bd \u0394\u03b9\u03ba\u03b1\u03c3\u03c4\u03b9\u03ba\u03ce\u03bd \u039b\u03b5\u03b9\u03c4\u03bf\u03c5\u03c1\u03b3\u03ce\u03bd","url":"https:\/\/eedd.gr\/en\/","logo":{"@type":"ImageObject","inLanguage":"en-US","@id":"https:\/\/eedd.gr\/en\/#\/schema\/logo\/image\/","url":"https:\/\/eedd.gr\/wp-content\/uploads\/2023\/06\/4234234.png","contentUrl":"https:\/\/eedd.gr\/wp-content\/uploads\/2023\/06\/4234234.png","width":339,"height":358,"caption":"\u0395\u03c4\u03b1\u03b9\u03c1\u03af\u03b1 \u0395\u03bb\u03bb\u03ae\u03bd\u03c9\u03bd \u0394\u03b9\u03ba\u03b1\u03c3\u03c4\u03b9\u03ba\u03ce\u03bd \u039b\u03b5\u03b9\u03c4\u03bf\u03c5\u03c1\u03b3\u03ce\u03bd"},"image":{"@id":"https:\/\/eedd.gr\/en\/#\/schema\/logo\/image\/"}},{"@type":"Person","@id":"https:\/\/eedd.gr\/en\/#\/schema\/person\/a527c57fe552fa716cd3365f2874f77a","name":"admin","image":{"@type":"ImageObject","inLanguage":"en-US","@id":"https:\/\/eedd.gr\/en\/#\/schema\/person\/image\/","url":"https:\/\/secure.gravatar.com\/avatar\/7b0caadc06e6492a94032c8e2645eef25994c1e4a61f4456466ada40344bea51?s=96&d=mm&r=g","contentUrl":"https:\/\/secure.gravatar.com\/avatar\/7b0caadc06e6492a94032c8e2645eef25994c1e4a61f4456466ada40344bea51?s=96&d=mm&r=g","caption":"admin"},"sameAs":["http:\/\/eedd.gr"],"url":"https:\/\/eedd.gr\/en\/author\/admin\/"}]}},"_links":{"self":[{"href":"https:\/\/eedd.gr\/en\/wp-json\/wp\/v2\/posts\/3944","targetHints":{"allow":["GET"]}}],"collection":[{"href":"https:\/\/eedd.gr\/en\/wp-json\/wp\/v2\/posts"}],"about":[{"href":"https:\/\/eedd.gr\/en\/wp-json\/wp\/v2\/types\/post"}],"author":[{"embeddable":true,"href":"https:\/\/eedd.gr\/en\/wp-json\/wp\/v2\/users\/1"}],"replies":[{"embeddable":true,"href":"https:\/\/eedd.gr\/en\/wp-json\/wp\/v2\/comments?post=3944"}],"version-history":[{"count":1,"href":"https:\/\/eedd.gr\/en\/wp-json\/wp\/v2\/posts\/3944\/revisions"}],"predecessor-version":[{"id":3945,"href":"https:\/\/eedd.gr\/en\/wp-json\/wp\/v2\/posts\/3944\/revisions\/3945"}],"wp:featuredmedia":[{"embeddable":true,"href":"https:\/\/eedd.gr\/en\/wp-json\/wp\/v2\/media\/3714"}],"wp:attachment":[{"href":"https:\/\/eedd.gr\/en\/wp-json\/wp\/v2\/media?parent=3944"}],"wp:term":[{"taxonomy":"category","embeddable":true,"href":"https:\/\/eedd.gr\/en\/wp-json\/wp\/v2\/categories?post=3944"},{"taxonomy":"post_tag","embeddable":true,"href":"https:\/\/eedd.gr\/en\/wp-json\/wp\/v2\/tags?post=3944"}],"curies":[{"name":"wp","href":"https:\/\/api.w.org\/{rel}","templated":true}]}}